{"id":5657895,"date":"2020-10-13T11:02:25","date_gmt":"2020-10-13T09:02:25","guid":{"rendered":"http:\/\/cabedo.com\/?p=5657895"},"modified":"2020-10-13T15:28:11","modified_gmt":"2020-10-13T13:28:11","slug":"el-dictamen-pericial-por-experto-contable-aspectos-procesales-y-sustantivos","status":"publish","type":"post","link":"https:\/\/cabedo.com\/ca\/el-dictamen-pericial-por-experto-contable-aspectos-procesales-y-sustantivos\/","title":{"rendered":"(Webinar) El dictamen pericial por experto contable: aspectos procesales y sustantivos"},"content":{"rendered":"<div class=\"wpb-content-wrapper\">[vc_row][vc_column width=&#8221;1\/2&#8243;][vc_column_text]El pr\u00f3ximo jueves 29 de octubre de 18:00 a 20:00h el sr. Rodrigo Cabedo expondr\u00e1 junto a la sra. Magistrada-Juez del Juzgado Mercantil n\u00ba1 de Barcelona, Yolanda R\u00edos L\u00f3pez, en una mesa moderada por la sra. Laura Pedre\u00f1o Vargas sobre &#8220;El dictamen pericial por experto contable: aspectos procesales y sustantivos&#8221;.<\/p>\n<p>Esta ponencia clausura el &#8220;Webinar: Jornades d&#8217;Auditoria, Comptabilitat i Dret Econ\u00f2mic&#8221; que organiza el Col\u00b7legi d&#8217;Economistes de Catalunya en las fechas 15, 22 y 29 de octubre de 2020.<\/p>\n<p>Para consultar el programa completo e informaci\u00f3n sobre las inscripciones pulse <a href=\"http:\/\/www.coleconomistes.cat\/Eventos\/wf_curso.aspx?IdMenu=d94ff862-99b6-463b-bde4-de56a1789838&amp;Cod=14144&amp;Idioma=ca-ES\">aqu\u00ed<\/a>.[\/vc_column_text][\/vc_column][vc_column width=&#8221;1\/2&#8243;][vc_single_image image=&#8221;5657660&#8243; img_size=&#8221;large&#8221;][\/vc_column][\/vc_row]\n<\/div>","protected":false},"excerpt":{"rendered":"<p>[vc_row][vc_column width=&#8221;1\/2&#8243;][vc_column_text]El pr\u00f3ximo jueves 29 de octubre de 18:00 a 20:00h el sr. Rodrigo&#8230;<\/p>\n","protected":false},"author":1,"featured_media":0,"comment_status":"open","ping_status":"open","sticky":false,"template":"","format":"standard","meta":{"footnotes":""},"categories":[26],"tags":[],"class_list":["post-5657895","post","type-post","status-publish","format-standard","hentry","category-uncategorized-ca"],"yoast_head":"<!-- This site is optimized with the Yoast SEO plugin v25.2 - https:\/\/yoast.com\/wordpress\/plugins\/seo\/ -->\n<title>(Webinar) El dictamen pericial por experto contable: aspectos procesales y sustantivos - Cabedo<\/title>\n<meta name=\"robots\" content=\"index, follow, max-snippet:-1, max-image-preview:large, max-video-preview:-1\" \/>\n<link rel=\"canonical\" href=\"https:\/\/cabedo.com\/ca\/el-dictamen-pericial-por-experto-contable-aspectos-procesales-y-sustantivos\/\" \/>\n<meta property=\"og:locale\" content=\"ca_ES\" \/>\n<meta property=\"og:type\" content=\"article\" \/>\n<meta property=\"og:title\" content=\"(Webinar) El dictamen pericial por experto contable: aspectos procesales y sustantivos - Cabedo\" \/>\n<meta property=\"og:description\" content=\"[vc_row][vc_column width=&#8221;1\/2&#8243;][vc_column_text]El pr\u00f3ximo jueves 29 de octubre de 18:00 a 20:00h el sr. Rodrigo...\" \/>\n<meta property=\"og:url\" content=\"https:\/\/cabedo.com\/ca\/el-dictamen-pericial-por-experto-contable-aspectos-procesales-y-sustantivos\/\" \/>\n<meta property=\"og:site_name\" content=\"Cabedo\" \/>\n<meta property=\"article:published_time\" content=\"2020-10-13T09:02:25+00:00\" \/>\n<meta property=\"article:modified_time\" content=\"2020-10-13T13:28:11+00:00\" \/>\n<meta name=\"author\" content=\"CabedoWP2019\" \/>\n<meta name=\"twitter:card\" content=\"summary_large_image\" \/>\n<meta name=\"twitter:label1\" content=\"Escrit per\" \/>\n\t<meta name=\"twitter:data1\" content=\"CabedoWP2019\" \/>\n\t<meta name=\"twitter:label2\" content=\"Temps estimat de lectura\" \/>\n\t<meta name=\"twitter:data2\" content=\"1 minut\" \/>\n<script type=\"application\/ld+json\" class=\"yoast-schema-graph\">{\"@context\":\"https:\/\/schema.org\",\"@graph\":[{\"@type\":\"Article\",\"@id\":\"https:\/\/cabedo.com\/ca\/el-dictamen-pericial-por-experto-contable-aspectos-procesales-y-sustantivos\/#article\",\"isPartOf\":{\"@id\":\"https:\/\/cabedo.com\/ca\/el-dictamen-pericial-por-experto-contable-aspectos-procesales-y-sustantivos\/\"},\"author\":{\"name\":\"CabedoWP2019\",\"@id\":\"https:\/\/cabedo.com\/#\/schema\/person\/94da2d41bf7ff295c9a6f78d51ad06ab\"},\"headline\":\"(Webinar) El dictamen pericial por experto contable: aspectos procesales y sustantivos\",\"datePublished\":\"2020-10-13T09:02:25+00:00\",\"dateModified\":\"2020-10-13T13:28:11+00:00\",\"mainEntityOfPage\":{\"@id\":\"https:\/\/cabedo.com\/ca\/el-dictamen-pericial-por-experto-contable-aspectos-procesales-y-sustantivos\/\"},\"wordCount\":132,\"commentCount\":0,\"publisher\":{\"@id\":\"https:\/\/cabedo.com\/#organization\"},\"articleSection\":[\"Uncategorized @ca\"],\"inLanguage\":\"ca\",\"potentialAction\":[{\"@type\":\"CommentAction\",\"name\":\"Comment\",\"target\":[\"https:\/\/cabedo.com\/ca\/el-dictamen-pericial-por-experto-contable-aspectos-procesales-y-sustantivos\/#respond\"]}]},{\"@type\":\"WebPage\",\"@id\":\"https:\/\/cabedo.com\/ca\/el-dictamen-pericial-por-experto-contable-aspectos-procesales-y-sustantivos\/\",\"url\":\"https:\/\/cabedo.com\/ca\/el-dictamen-pericial-por-experto-contable-aspectos-procesales-y-sustantivos\/\",\"name\":\"(Webinar) El dictamen pericial por experto contable: aspectos procesales y sustantivos - Cabedo\",\"isPartOf\":{\"@id\":\"https:\/\/cabedo.com\/#website\"},\"datePublished\":\"2020-10-13T09:02:25+00:00\",\"dateModified\":\"2020-10-13T13:28:11+00:00\",\"breadcrumb\":{\"@id\":\"https:\/\/cabedo.com\/ca\/el-dictamen-pericial-por-experto-contable-aspectos-procesales-y-sustantivos\/#breadcrumb\"},\"inLanguage\":\"ca\",\"potentialAction\":[{\"@type\":\"ReadAction\",\"target\":[\"https:\/\/cabedo.com\/ca\/el-dictamen-pericial-por-experto-contable-aspectos-procesales-y-sustantivos\/\"]}]},{\"@type\":\"BreadcrumbList\",\"@id\":\"https:\/\/cabedo.com\/ca\/el-dictamen-pericial-por-experto-contable-aspectos-procesales-y-sustantivos\/#breadcrumb\",\"itemListElement\":[{\"@type\":\"ListItem\",\"position\":1,\"name\":\"Inicio\",\"item\":\"https:\/\/cabedo.com\/ca\/\"},{\"@type\":\"ListItem\",\"position\":2,\"name\":\"(Webinar) El dictamen pericial por experto contable: aspectos procesales y sustantivos\"}]},{\"@type\":\"WebSite\",\"@id\":\"https:\/\/cabedo.com\/#website\",\"url\":\"https:\/\/cabedo.com\/\",\"name\":\"Cabedo\",\"description\":\"Abogados, economistas y auditores\",\"publisher\":{\"@id\":\"https:\/\/cabedo.com\/#organization\"},\"potentialAction\":[{\"@type\":\"SearchAction\",\"target\":{\"@type\":\"EntryPoint\",\"urlTemplate\":\"https:\/\/cabedo.com\/?s={search_term_string}\"},\"query-input\":{\"@type\":\"PropertyValueSpecification\",\"valueRequired\":true,\"valueName\":\"search_term_string\"}}],\"inLanguage\":\"ca\"},{\"@type\":\"Organization\",\"@id\":\"https:\/\/cabedo.com\/#organization\",\"name\":\"Cabedo Abogados y Economistas\",\"url\":\"https:\/\/cabedo.com\/\",\"logo\":{\"@type\":\"ImageObject\",\"inLanguage\":\"ca\",\"@id\":\"https:\/\/cabedo.com\/#\/schema\/logo\/image\/\",\"url\":\"https:\/\/cabedo.com\/wp-content\/uploads\/2020\/02\/Cabdeo-icono_Mesa-de-trabajo-1.png\",\"contentUrl\":\"https:\/\/cabedo.com\/wp-content\/uploads\/2020\/02\/Cabdeo-icono_Mesa-de-trabajo-1.png\",\"width\":40,\"height\":39,\"caption\":\"Cabedo Abogados y Economistas\"},\"image\":{\"@id\":\"https:\/\/cabedo.com\/#\/schema\/logo\/image\/\"}},{\"@type\":\"Person\",\"@id\":\"https:\/\/cabedo.com\/#\/schema\/person\/94da2d41bf7ff295c9a6f78d51ad06ab\",\"name\":\"CabedoWP2019\",\"image\":{\"@type\":\"ImageObject\",\"inLanguage\":\"ca\",\"@id\":\"https:\/\/cabedo.com\/#\/schema\/person\/image\/\",\"url\":\"https:\/\/secure.gravatar.com\/avatar\/a9ae036110c97a582201cae457e2e49b34da2ddf76d9c86cd2b16edb1bbaf74f?s=96&d=mm&r=g\",\"contentUrl\":\"https:\/\/secure.gravatar.com\/avatar\/a9ae036110c97a582201cae457e2e49b34da2ddf76d9c86cd2b16edb1bbaf74f?s=96&d=mm&r=g\",\"caption\":\"CabedoWP2019\"}}]}<\/script>\n<!-- \/ Yoast SEO plugin. -->","yoast_head_json":{"title":"(Webinar) El dictamen pericial por experto contable: aspectos procesales y sustantivos - Cabedo","robots":{"index":"index","follow":"follow","max-snippet":"max-snippet:-1","max-image-preview":"max-image-preview:large","max-video-preview":"max-video-preview:-1"},"canonical":"https:\/\/cabedo.com\/ca\/el-dictamen-pericial-por-experto-contable-aspectos-procesales-y-sustantivos\/","og_locale":"ca_ES","og_type":"article","og_title":"(Webinar) El dictamen pericial por experto contable: aspectos procesales y sustantivos - Cabedo","og_description":"[vc_row][vc_column width=&#8221;1\/2&#8243;][vc_column_text]El pr\u00f3ximo jueves 29 de octubre de 18:00 a 20:00h el sr. Rodrigo...","og_url":"https:\/\/cabedo.com\/ca\/el-dictamen-pericial-por-experto-contable-aspectos-procesales-y-sustantivos\/","og_site_name":"Cabedo","article_published_time":"2020-10-13T09:02:25+00:00","article_modified_time":"2020-10-13T13:28:11+00:00","author":"CabedoWP2019","twitter_card":"summary_large_image","twitter_misc":{"Escrit per":"CabedoWP2019","Temps estimat de lectura":"1 minut"},"schema":{"@context":"https:\/\/schema.org","@graph":[{"@type":"Article","@id":"https:\/\/cabedo.com\/ca\/el-dictamen-pericial-por-experto-contable-aspectos-procesales-y-sustantivos\/#article","isPartOf":{"@id":"https:\/\/cabedo.com\/ca\/el-dictamen-pericial-por-experto-contable-aspectos-procesales-y-sustantivos\/"},"author":{"name":"CabedoWP2019","@id":"https:\/\/cabedo.com\/#\/schema\/person\/94da2d41bf7ff295c9a6f78d51ad06ab"},"headline":"(Webinar) El dictamen pericial por experto contable: aspectos procesales y sustantivos","datePublished":"2020-10-13T09:02:25+00:00","dateModified":"2020-10-13T13:28:11+00:00","mainEntityOfPage":{"@id":"https:\/\/cabedo.com\/ca\/el-dictamen-pericial-por-experto-contable-aspectos-procesales-y-sustantivos\/"},"wordCount":132,"commentCount":0,"publisher":{"@id":"https:\/\/cabedo.com\/#organization"},"articleSection":["Uncategorized @ca"],"inLanguage":"ca","potentialAction":[{"@type":"CommentAction","name":"Comment","target":["https:\/\/cabedo.com\/ca\/el-dictamen-pericial-por-experto-contable-aspectos-procesales-y-sustantivos\/#respond"]}]},{"@type":"WebPage","@id":"https:\/\/cabedo.com\/ca\/el-dictamen-pericial-por-experto-contable-aspectos-procesales-y-sustantivos\/","url":"https:\/\/cabedo.com\/ca\/el-dictamen-pericial-por-experto-contable-aspectos-procesales-y-sustantivos\/","name":"(Webinar) El dictamen pericial por experto contable: aspectos procesales y sustantivos - Cabedo","isPartOf":{"@id":"https:\/\/cabedo.com\/#website"},"datePublished":"2020-10-13T09:02:25+00:00","dateModified":"2020-10-13T13:28:11+00:00","breadcrumb":{"@id":"https:\/\/cabedo.com\/ca\/el-dictamen-pericial-por-experto-contable-aspectos-procesales-y-sustantivos\/#breadcrumb"},"inLanguage":"ca","potentialAction":[{"@type":"ReadAction","target":["https:\/\/cabedo.com\/ca\/el-dictamen-pericial-por-experto-contable-aspectos-procesales-y-sustantivos\/"]}]},{"@type":"BreadcrumbList","@id":"https:\/\/cabedo.com\/ca\/el-dictamen-pericial-por-experto-contable-aspectos-procesales-y-sustantivos\/#breadcrumb","itemListElement":[{"@type":"ListItem","position":1,"name":"Inicio","item":"https:\/\/cabedo.com\/ca\/"},{"@type":"ListItem","position":2,"name":"(Webinar) El dictamen pericial por experto contable: aspectos procesales y sustantivos"}]},{"@type":"WebSite","@id":"https:\/\/cabedo.com\/#website","url":"https:\/\/cabedo.com\/","name":"Cabedo","description":"Abogados, economistas y auditores","publisher":{"@id":"https:\/\/cabedo.com\/#organization"},"potentialAction":[{"@type":"SearchAction","target":{"@type":"EntryPoint","urlTemplate":"https:\/\/cabedo.com\/?s={search_term_string}"},"query-input":{"@type":"PropertyValueSpecification","valueRequired":true,"valueName":"search_term_string"}}],"inLanguage":"ca"},{"@type":"Organization","@id":"https:\/\/cabedo.com\/#organization","name":"Cabedo Abogados y Economistas","url":"https:\/\/cabedo.com\/","logo":{"@type":"ImageObject","inLanguage":"ca","@id":"https:\/\/cabedo.com\/#\/schema\/logo\/image\/","url":"https:\/\/cabedo.com\/wp-content\/uploads\/2020\/02\/Cabdeo-icono_Mesa-de-trabajo-1.png","contentUrl":"https:\/\/cabedo.com\/wp-content\/uploads\/2020\/02\/Cabdeo-icono_Mesa-de-trabajo-1.png","width":40,"height":39,"caption":"Cabedo Abogados y Economistas"},"image":{"@id":"https:\/\/cabedo.com\/#\/schema\/logo\/image\/"}},{"@type":"Person","@id":"https:\/\/cabedo.com\/#\/schema\/person\/94da2d41bf7ff295c9a6f78d51ad06ab","name":"CabedoWP2019","image":{"@type":"ImageObject","inLanguage":"ca","@id":"https:\/\/cabedo.com\/#\/schema\/person\/image\/","url":"https:\/\/secure.gravatar.com\/avatar\/a9ae036110c97a582201cae457e2e49b34da2ddf76d9c86cd2b16edb1bbaf74f?s=96&d=mm&r=g","contentUrl":"https:\/\/secure.gravatar.com\/avatar\/a9ae036110c97a582201cae457e2e49b34da2ddf76d9c86cd2b16edb1bbaf74f?s=96&d=mm&r=g","caption":"CabedoWP2019"}}]}},"_links":{"self":[{"href":"https:\/\/cabedo.com\/ca\/wp-json\/wp\/v2\/posts\/5657895","targetHints":{"allow":["GET"]}}],"collection":[{"href":"https:\/\/cabedo.com\/ca\/wp-json\/wp\/v2\/posts"}],"about":[{"href":"https:\/\/cabedo.com\/ca\/wp-json\/wp\/v2\/types\/post"}],"author":[{"embeddable":true,"href":"https:\/\/cabedo.com\/ca\/wp-json\/wp\/v2\/users\/1"}],"replies":[{"embeddable":true,"href":"https:\/\/cabedo.com\/ca\/wp-json\/wp\/v2\/comments?post=5657895"}],"version-history":[{"count":4,"href":"https:\/\/cabedo.com\/ca\/wp-json\/wp\/v2\/posts\/5657895\/revisions"}],"predecessor-version":[{"id":5657900,"href":"https:\/\/cabedo.com\/ca\/wp-json\/wp\/v2\/posts\/5657895\/revisions\/5657900"}],"wp:attachment":[{"href":"https:\/\/cabedo.com\/ca\/wp-json\/wp\/v2\/media?parent=5657895"}],"wp:term":[{"taxonomy":"category","embeddable":true,"href":"https:\/\/cabedo.com\/ca\/wp-json\/wp\/v2\/categories?post=5657895"},{"taxonomy":"post_tag","embeddable":true,"href":"https:\/\/cabedo.com\/ca\/wp-json\/wp\/v2\/tags?post=5657895"}],"curies":[{"name":"wp","href":"https:\/\/api.w.org\/{rel}","templated":true}]}}