{"id":5658678,"date":"2021-09-22T10:30:14","date_gmt":"2021-09-22T08:30:14","guid":{"rendered":"https:\/\/cabedo.com\/?p=5658678"},"modified":"2021-09-22T10:30:14","modified_gmt":"2021-09-22T08:30:14","slug":"iii-congreso-sobre-derecho-concursal-y-societario-23-y-24-de-septiembre","status":"publish","type":"post","link":"https:\/\/cabedo.com\/ca\/iii-congreso-sobre-derecho-concursal-y-societario-23-y-24-de-septiembre\/","title":{"rendered":"III Congreso sobre Derecho Concursal y Societario 23 y 24 de septiembre"},"content":{"rendered":"<div class=\"wpb-content-wrapper\">[vc_row][vc_column width=&#8221;1\/2&#8243;][vc_column_text]El Congreso de Derecho Concursal y Societario de Benicassim se celebra en su tercera edici\u00f3n los d\u00edas 23 y 24 de septiembre de 2021.<\/p>\n<p>La justificaci\u00f3n de esta edici\u00f3n viene dada, en primer lugar, por cumplirse un a\u00f1o desde la entrada en vigor del Texto refundido de la Ley Concursal, lo que permitir\u00e1 debatir en profundidad acerca de este primer aniversario de vigencia de la norma, al tiempo que servir\u00e1 para analizar la regulaci\u00f3n concursal y societaria \u201cde emergencia\u201d, dictada como consecuencia del COVID-19.<\/p>\n<p>Al propio tiempo, se prev\u00e9 abordar otras cuestiones de mucha actualidad, como son las v\u00edas para agilizar la venta de unidades productivas dentro y fuera del concurso (\u201cprepack\u201d), junto con otros temas \u201ccl\u00e1sicos\u201d, pero que siguen conservando mucho inter\u00e9s pr\u00e1ctico, como es la forma de liquidar eficazmente (y en un tiempo razonable) los procedimientos concursales o la problem\u00e1tica que generan los cr\u00e9ditos contra la masa en un escenario de \u201dmasa limitada\u201d, como es, por definici\u00f3n, el concursal.<\/p>\n<p>Como en ediciones anteriores, ser\u00e1n igualmente objeto de atenci\u00f3n presentes en el debate la insolvencia de las personas f\u00edsicas y el beneficio de la segunda oportunidad, o los aspectos laborales dentro del concurso de acreedores, por considerar que siguen generando inter\u00e9s y muchos interrogantes.<\/p>\n<p>Pero este a\u00f1o, existe una raz\u00f3n a\u00f1adida y muy poderosa que justifica la celebraci\u00f3n del Congreso. Se trata de la reciente publicaci\u00f3n de un Anteproyecto de ley de reforma de la Ley Concursal para la incorporaci\u00f3n a la legislaci\u00f3n espa\u00f1ola de la directiva (UE) 2019\/1023, de Parlamento Europeo y del Consejo, de 20 de junio de 2019. Dicho anteproyecto ha sido sometido a tr\u00e1mite de audiencia p\u00fablica durante el pasado mes de agosto, coincidiendo con el mes de descanso de la mayor\u00eda de los profesionales del derecho, tratando de opacar as\u00ed el muy conveniente debate que debe rodear a un texto de tanta relevancia. Pese a ello, el Anteproyecto ha generado una notabil\u00edsima -y l\u00f3gica- preocupaci\u00f3n entre todos los intervinientes en los concursos de acreedores, tal y como estos se conocen hasta ahora.<\/p>\n[\/vc_column_text][\/vc_column][vc_column width=&#8221;1\/2&#8243;]<div class=\"norebro-text-sc \" \n\tid=\"norebro-custom-6a99a5b0edc93\" \n\t \n\t>\n\n\t<p>Destacamos la <strong>mesa s\u00e9ptima<\/strong> sobre <em><strong>La &#8220;venta de unidades productivas&#8221; y planes de reestructuraci\u00f3n. Derecho anteproyectado<\/strong>., <\/em>el viernes 24 de septiembre a las 10h.<\/p>\n<p>Participar\u00e1n en el debate el <strong>Sr.<\/strong> <strong>D. Carlos Nieto Delgado<\/strong>, <strong>Magistrado Juez del Juzgado de lo Mercantil n\u00ba16 de Madrid, <\/strong>el <strong>Sr.<\/strong> <strong>D. Francisco Javier Vaquer<\/strong>\u00a0 <strong>Mart\u00edn<\/strong>, <strong>Magistrado Juez del Juzgado de lo Mercantil n\u00ba6 de Madrid y Rodrigo Cabedo Gregori, Economista y Abogado, miembro del consejo directivo del REFOR, <\/strong>y abordar\u00e1n algunos temas como los m\u00e9todos de valoraci\u00f3n, la transparencia vs. oportunidad, la sucesi\u00f3n de la empresa, el c\u00f3mo asegurar la comparabilidad de las ofertas, los planes de reestructuraci\u00f3n, entre otros temas.<\/p>\n<p>Modera: <strong>Sr. D. Juan Manuel de Castro Aragon\u00e9s. Magistrado especialista de lo Mercantil (en excedencia). Of Counsel de Procesal y Arbitraje. G\u00f3mez-Acebo y Pombo<\/strong>.<\/p>\n<p>Para consultar el programa completo e inscribirse ver el siguiente enlace: https:\/\/www.fue.uji.es\/derechoconcursal<\/p>\n\t\n<\/div>[\/vc_column][\/vc_row]\n<\/div>","protected":false},"excerpt":{"rendered":"<p>[vc_row][vc_column width=&#8221;1\/2&#8243;][vc_column_text]El Congreso de Derecho Concursal y Societario de Benicassim se celebra en su&#8230;<\/p>\n","protected":false},"author":1,"featured_media":0,"comment_status":"open","ping_status":"open","sticky":false,"template":"","format":"standard","meta":{"footnotes":""},"categories":[1],"tags":[],"class_list":["post-5658678","post","type-post","status-publish","format-standard","hentry","category-sin-categorizar"],"yoast_head":"<!-- This site is optimized with the Yoast SEO plugin v25.2 - https:\/\/yoast.com\/wordpress\/plugins\/seo\/ -->\n<title>III Congreso sobre Derecho Concursal y Societario 23 y 24 de septiembre - Cabedo<\/title>\n<meta name=\"robots\" content=\"index, follow, max-snippet:-1, max-image-preview:large, max-video-preview:-1\" \/>\n<link rel=\"canonical\" href=\"https:\/\/cabedo.com\/iii-congreso-sobre-derecho-concursal-y-societario-23-y-24-de-septiembre\/\" \/>\n<meta property=\"og:locale\" content=\"ca_ES\" \/>\n<meta property=\"og:type\" content=\"article\" \/>\n<meta property=\"og:title\" content=\"III Congreso sobre Derecho Concursal y Societario 23 y 24 de septiembre - Cabedo\" \/>\n<meta property=\"og:description\" content=\"[vc_row][vc_column width=&#8221;1\/2&#8243;][vc_column_text]El Congreso de Derecho Concursal y Societario de Benicassim se celebra en su...\" \/>\n<meta property=\"og:url\" content=\"https:\/\/cabedo.com\/iii-congreso-sobre-derecho-concursal-y-societario-23-y-24-de-septiembre\/\" \/>\n<meta property=\"og:site_name\" content=\"Cabedo\" \/>\n<meta property=\"article:published_time\" content=\"2021-09-22T08:30:14+00:00\" \/>\n<meta name=\"author\" content=\"CabedoWP2019\" \/>\n<meta name=\"twitter:card\" content=\"summary_large_image\" \/>\n<meta name=\"twitter:label1\" content=\"Escrit per\" \/>\n\t<meta name=\"twitter:data1\" content=\"CabedoWP2019\" \/>\n\t<meta name=\"twitter:label2\" content=\"Temps estimat de lectura\" \/>\n\t<meta name=\"twitter:data2\" content=\"3 minuts\" \/>\n<script type=\"application\/ld+json\" class=\"yoast-schema-graph\">{\"@context\":\"https:\/\/schema.org\",\"@graph\":[{\"@type\":\"Article\",\"@id\":\"https:\/\/cabedo.com\/iii-congreso-sobre-derecho-concursal-y-societario-23-y-24-de-septiembre\/#article\",\"isPartOf\":{\"@id\":\"https:\/\/cabedo.com\/iii-congreso-sobre-derecho-concursal-y-societario-23-y-24-de-septiembre\/\"},\"author\":{\"name\":\"CabedoWP2019\",\"@id\":\"https:\/\/cabedo.com\/#\/schema\/person\/94da2d41bf7ff295c9a6f78d51ad06ab\"},\"headline\":\"III Congreso sobre Derecho Concursal y Societario 23 y 24 de septiembre\",\"datePublished\":\"2021-09-22T08:30:14+00:00\",\"mainEntityOfPage\":{\"@id\":\"https:\/\/cabedo.com\/iii-congreso-sobre-derecho-concursal-y-societario-23-y-24-de-septiembre\/\"},\"wordCount\":556,\"commentCount\":0,\"publisher\":{\"@id\":\"https:\/\/cabedo.com\/#organization\"},\"articleSection\":[\"Sin categorizar\"],\"inLanguage\":\"ca\",\"potentialAction\":[{\"@type\":\"CommentAction\",\"name\":\"Comment\",\"target\":[\"https:\/\/cabedo.com\/iii-congreso-sobre-derecho-concursal-y-societario-23-y-24-de-septiembre\/#respond\"]}]},{\"@type\":\"WebPage\",\"@id\":\"https:\/\/cabedo.com\/iii-congreso-sobre-derecho-concursal-y-societario-23-y-24-de-septiembre\/\",\"url\":\"https:\/\/cabedo.com\/iii-congreso-sobre-derecho-concursal-y-societario-23-y-24-de-septiembre\/\",\"name\":\"III Congreso sobre Derecho Concursal y Societario 23 y 24 de septiembre - Cabedo\",\"isPartOf\":{\"@id\":\"https:\/\/cabedo.com\/#website\"},\"datePublished\":\"2021-09-22T08:30:14+00:00\",\"breadcrumb\":{\"@id\":\"https:\/\/cabedo.com\/iii-congreso-sobre-derecho-concursal-y-societario-23-y-24-de-septiembre\/#breadcrumb\"},\"inLanguage\":\"ca\",\"potentialAction\":[{\"@type\":\"ReadAction\",\"target\":[\"https:\/\/cabedo.com\/iii-congreso-sobre-derecho-concursal-y-societario-23-y-24-de-septiembre\/\"]}]},{\"@type\":\"BreadcrumbList\",\"@id\":\"https:\/\/cabedo.com\/iii-congreso-sobre-derecho-concursal-y-societario-23-y-24-de-septiembre\/#breadcrumb\",\"itemListElement\":[{\"@type\":\"ListItem\",\"position\":1,\"name\":\"Inicio\",\"item\":\"https:\/\/cabedo.com\/ca\/\"},{\"@type\":\"ListItem\",\"position\":2,\"name\":\"III Congreso sobre Derecho Concursal y Societario 23 y 24 de septiembre\"}]},{\"@type\":\"WebSite\",\"@id\":\"https:\/\/cabedo.com\/#website\",\"url\":\"https:\/\/cabedo.com\/\",\"name\":\"Cabedo\",\"description\":\"Abogados, economistas y auditores\",\"publisher\":{\"@id\":\"https:\/\/cabedo.com\/#organization\"},\"potentialAction\":[{\"@type\":\"SearchAction\",\"target\":{\"@type\":\"EntryPoint\",\"urlTemplate\":\"https:\/\/cabedo.com\/?s={search_term_string}\"},\"query-input\":{\"@type\":\"PropertyValueSpecification\",\"valueRequired\":true,\"valueName\":\"search_term_string\"}}],\"inLanguage\":\"ca\"},{\"@type\":\"Organization\",\"@id\":\"https:\/\/cabedo.com\/#organization\",\"name\":\"Cabedo Abogados y Economistas\",\"url\":\"https:\/\/cabedo.com\/\",\"logo\":{\"@type\":\"ImageObject\",\"inLanguage\":\"ca\",\"@id\":\"https:\/\/cabedo.com\/#\/schema\/logo\/image\/\",\"url\":\"https:\/\/cabedo.com\/wp-content\/uploads\/2020\/02\/Cabdeo-icono_Mesa-de-trabajo-1.png\",\"contentUrl\":\"https:\/\/cabedo.com\/wp-content\/uploads\/2020\/02\/Cabdeo-icono_Mesa-de-trabajo-1.png\",\"width\":40,\"height\":39,\"caption\":\"Cabedo Abogados y Economistas\"},\"image\":{\"@id\":\"https:\/\/cabedo.com\/#\/schema\/logo\/image\/\"}},{\"@type\":\"Person\",\"@id\":\"https:\/\/cabedo.com\/#\/schema\/person\/94da2d41bf7ff295c9a6f78d51ad06ab\",\"name\":\"CabedoWP2019\",\"image\":{\"@type\":\"ImageObject\",\"inLanguage\":\"ca\",\"@id\":\"https:\/\/cabedo.com\/#\/schema\/person\/image\/\",\"url\":\"https:\/\/secure.gravatar.com\/avatar\/a9ae036110c97a582201cae457e2e49b34da2ddf76d9c86cd2b16edb1bbaf74f?s=96&d=mm&r=g\",\"contentUrl\":\"https:\/\/secure.gravatar.com\/avatar\/a9ae036110c97a582201cae457e2e49b34da2ddf76d9c86cd2b16edb1bbaf74f?s=96&d=mm&r=g\",\"caption\":\"CabedoWP2019\"}}]}<\/script>\n<!-- \/ Yoast SEO plugin. -->","yoast_head_json":{"title":"III Congreso sobre Derecho Concursal y Societario 23 y 24 de septiembre - Cabedo","robots":{"index":"index","follow":"follow","max-snippet":"max-snippet:-1","max-image-preview":"max-image-preview:large","max-video-preview":"max-video-preview:-1"},"canonical":"https:\/\/cabedo.com\/iii-congreso-sobre-derecho-concursal-y-societario-23-y-24-de-septiembre\/","og_locale":"ca_ES","og_type":"article","og_title":"III Congreso sobre Derecho Concursal y Societario 23 y 24 de septiembre - Cabedo","og_description":"[vc_row][vc_column width=&#8221;1\/2&#8243;][vc_column_text]El Congreso de Derecho Concursal y Societario de Benicassim se celebra en su...","og_url":"https:\/\/cabedo.com\/iii-congreso-sobre-derecho-concursal-y-societario-23-y-24-de-septiembre\/","og_site_name":"Cabedo","article_published_time":"2021-09-22T08:30:14+00:00","author":"CabedoWP2019","twitter_card":"summary_large_image","twitter_misc":{"Escrit per":"CabedoWP2019","Temps estimat de lectura":"3 minuts"},"schema":{"@context":"https:\/\/schema.org","@graph":[{"@type":"Article","@id":"https:\/\/cabedo.com\/iii-congreso-sobre-derecho-concursal-y-societario-23-y-24-de-septiembre\/#article","isPartOf":{"@id":"https:\/\/cabedo.com\/iii-congreso-sobre-derecho-concursal-y-societario-23-y-24-de-septiembre\/"},"author":{"name":"CabedoWP2019","@id":"https:\/\/cabedo.com\/#\/schema\/person\/94da2d41bf7ff295c9a6f78d51ad06ab"},"headline":"III Congreso sobre Derecho Concursal y Societario 23 y 24 de septiembre","datePublished":"2021-09-22T08:30:14+00:00","mainEntityOfPage":{"@id":"https:\/\/cabedo.com\/iii-congreso-sobre-derecho-concursal-y-societario-23-y-24-de-septiembre\/"},"wordCount":556,"commentCount":0,"publisher":{"@id":"https:\/\/cabedo.com\/#organization"},"articleSection":["Sin categorizar"],"inLanguage":"ca","potentialAction":[{"@type":"CommentAction","name":"Comment","target":["https:\/\/cabedo.com\/iii-congreso-sobre-derecho-concursal-y-societario-23-y-24-de-septiembre\/#respond"]}]},{"@type":"WebPage","@id":"https:\/\/cabedo.com\/iii-congreso-sobre-derecho-concursal-y-societario-23-y-24-de-septiembre\/","url":"https:\/\/cabedo.com\/iii-congreso-sobre-derecho-concursal-y-societario-23-y-24-de-septiembre\/","name":"III Congreso sobre Derecho Concursal y Societario 23 y 24 de septiembre - Cabedo","isPartOf":{"@id":"https:\/\/cabedo.com\/#website"},"datePublished":"2021-09-22T08:30:14+00:00","breadcrumb":{"@id":"https:\/\/cabedo.com\/iii-congreso-sobre-derecho-concursal-y-societario-23-y-24-de-septiembre\/#breadcrumb"},"inLanguage":"ca","potentialAction":[{"@type":"ReadAction","target":["https:\/\/cabedo.com\/iii-congreso-sobre-derecho-concursal-y-societario-23-y-24-de-septiembre\/"]}]},{"@type":"BreadcrumbList","@id":"https:\/\/cabedo.com\/iii-congreso-sobre-derecho-concursal-y-societario-23-y-24-de-septiembre\/#breadcrumb","itemListElement":[{"@type":"ListItem","position":1,"name":"Inicio","item":"https:\/\/cabedo.com\/ca\/"},{"@type":"ListItem","position":2,"name":"III Congreso sobre Derecho Concursal y Societario 23 y 24 de septiembre"}]},{"@type":"WebSite","@id":"https:\/\/cabedo.com\/#website","url":"https:\/\/cabedo.com\/","name":"Cabedo","description":"Abogados, economistas y auditores","publisher":{"@id":"https:\/\/cabedo.com\/#organization"},"potentialAction":[{"@type":"SearchAction","target":{"@type":"EntryPoint","urlTemplate":"https:\/\/cabedo.com\/?s={search_term_string}"},"query-input":{"@type":"PropertyValueSpecification","valueRequired":true,"valueName":"search_term_string"}}],"inLanguage":"ca"},{"@type":"Organization","@id":"https:\/\/cabedo.com\/#organization","name":"Cabedo Abogados y Economistas","url":"https:\/\/cabedo.com\/","logo":{"@type":"ImageObject","inLanguage":"ca","@id":"https:\/\/cabedo.com\/#\/schema\/logo\/image\/","url":"https:\/\/cabedo.com\/wp-content\/uploads\/2020\/02\/Cabdeo-icono_Mesa-de-trabajo-1.png","contentUrl":"https:\/\/cabedo.com\/wp-content\/uploads\/2020\/02\/Cabdeo-icono_Mesa-de-trabajo-1.png","width":40,"height":39,"caption":"Cabedo Abogados y Economistas"},"image":{"@id":"https:\/\/cabedo.com\/#\/schema\/logo\/image\/"}},{"@type":"Person","@id":"https:\/\/cabedo.com\/#\/schema\/person\/94da2d41bf7ff295c9a6f78d51ad06ab","name":"CabedoWP2019","image":{"@type":"ImageObject","inLanguage":"ca","@id":"https:\/\/cabedo.com\/#\/schema\/person\/image\/","url":"https:\/\/secure.gravatar.com\/avatar\/a9ae036110c97a582201cae457e2e49b34da2ddf76d9c86cd2b16edb1bbaf74f?s=96&d=mm&r=g","contentUrl":"https:\/\/secure.gravatar.com\/avatar\/a9ae036110c97a582201cae457e2e49b34da2ddf76d9c86cd2b16edb1bbaf74f?s=96&d=mm&r=g","caption":"CabedoWP2019"}}]}},"_links":{"self":[{"href":"https:\/\/cabedo.com\/ca\/wp-json\/wp\/v2\/posts\/5658678","targetHints":{"allow":["GET"]}}],"collection":[{"href":"https:\/\/cabedo.com\/ca\/wp-json\/wp\/v2\/posts"}],"about":[{"href":"https:\/\/cabedo.com\/ca\/wp-json\/wp\/v2\/types\/post"}],"author":[{"embeddable":true,"href":"https:\/\/cabedo.com\/ca\/wp-json\/wp\/v2\/users\/1"}],"replies":[{"embeddable":true,"href":"https:\/\/cabedo.com\/ca\/wp-json\/wp\/v2\/comments?post=5658678"}],"version-history":[{"count":1,"href":"https:\/\/cabedo.com\/ca\/wp-json\/wp\/v2\/posts\/5658678\/revisions"}],"predecessor-version":[{"id":5658679,"href":"https:\/\/cabedo.com\/ca\/wp-json\/wp\/v2\/posts\/5658678\/revisions\/5658679"}],"wp:attachment":[{"href":"https:\/\/cabedo.com\/ca\/wp-json\/wp\/v2\/media?parent=5658678"}],"wp:term":[{"taxonomy":"category","embeddable":true,"href":"https:\/\/cabedo.com\/ca\/wp-json\/wp\/v2\/categories?post=5658678"},{"taxonomy":"post_tag","embeddable":true,"href":"https:\/\/cabedo.com\/ca\/wp-json\/wp\/v2\/tags?post=5658678"}],"curies":[{"name":"wp","href":"https:\/\/api.w.org\/{rel}","templated":true}]}}