{"id":5658772,"date":"2022-02-24T16:15:51","date_gmt":"2022-02-24T15:15:51","guid":{"rendered":"https:\/\/cabedo.com\/?p=5658772"},"modified":"2022-02-24T16:15:51","modified_gmt":"2022-02-24T15:15:51","slug":"valoracion-de-unidades-productivas-y-empresas-en-funcionamiento-xi-curso-superior-en-materia-concursal-2022","status":"publish","type":"post","link":"https:\/\/cabedo.com\/ca\/valoracion-de-unidades-productivas-y-empresas-en-funcionamiento-xi-curso-superior-en-materia-concursal-2022\/","title":{"rendered":"&#8220;Valoraci\u00f3n de Unidades Productivas y empresas en funcionamiento&#8221;  XI Curso Superior en materia concursal 2022"},"content":{"rendered":"<p>El pr\u00f3ximo 1 de marzo de 2022, de 17:30h a 19:00h, el Sr. Rodrigo Cabedo acompa\u00f1ar\u00e1 y moderar\u00e1 la sesi\u00f3n sobre la &#8220;Valoraci\u00f3n de Unidades Productiva y empresas en funcionamiento. M\u00e9todos patrimoniales y descuento de flujos de efectivo. C\u00e1lculo y selecci\u00f3n de tasa de descuento.&#8221; que imparte el Sr. Rafael Molero Prieto, Economista, Dr. en Econom\u00eda, Auditor Censor Jurado de Cuentas y Abogado.<\/p>\n<p>Pueden consultar el programa completo del XI Curso Superior de Formaci\u00f3n Especializada en Materia Concursal del Colegio Oficial de Titulares Mercantiles y Empresariales de Valencia <a href=\"http:\/\/comeva.es\/comeva-lanza-una-nueva-edicion-del-curso-superior-de-formacion-especializada-en-materia-concursal\/\">aqu\u00ed<\/a>.<\/p>\n","protected":false},"excerpt":{"rendered":"<p>El pr\u00f3ximo 1 de marzo de 2022, de 17:30h a 19:00h, el Sr. Rodrigo&#8230;<\/p>\n","protected":false},"author":1,"featured_media":0,"comment_status":"open","ping_status":"open","sticky":false,"template":"","format":"standard","meta":{"footnotes":""},"categories":[1],"tags":[],"class_list":["post-5658772","post","type-post","status-publish","format-standard","hentry","category-sin-categorizar"],"yoast_head":"<!-- This site is optimized with the Yoast SEO plugin v25.2 - https:\/\/yoast.com\/wordpress\/plugins\/seo\/ -->\n<title>&quot;Valoraci\u00f3n de Unidades Productivas y empresas en funcionamiento&quot; XI Curso Superior en materia concursal 2022 - Cabedo<\/title>\n<meta name=\"robots\" content=\"index, follow, max-snippet:-1, max-image-preview:large, max-video-preview:-1\" \/>\n<link rel=\"canonical\" href=\"https:\/\/cabedo.com\/valoracion-de-unidades-productivas-y-empresas-en-funcionamiento-xi-curso-superior-en-materia-concursal-2022\/\" \/>\n<meta property=\"og:locale\" content=\"ca_ES\" \/>\n<meta property=\"og:type\" content=\"article\" \/>\n<meta property=\"og:title\" content=\"&quot;Valoraci\u00f3n de Unidades Productivas y empresas en funcionamiento&quot; XI Curso Superior en materia concursal 2022 - Cabedo\" \/>\n<meta property=\"og:description\" content=\"El pr\u00f3ximo 1 de marzo de 2022, de 17:30h a 19:00h, el Sr. Rodrigo...\" \/>\n<meta property=\"og:url\" content=\"https:\/\/cabedo.com\/valoracion-de-unidades-productivas-y-empresas-en-funcionamiento-xi-curso-superior-en-materia-concursal-2022\/\" \/>\n<meta property=\"og:site_name\" content=\"Cabedo\" \/>\n<meta property=\"article:published_time\" content=\"2022-02-24T15:15:51+00:00\" \/>\n<meta name=\"author\" content=\"CabedoWP2019\" \/>\n<meta name=\"twitter:card\" content=\"summary_large_image\" \/>\n<meta name=\"twitter:label1\" content=\"Escrit per\" \/>\n\t<meta name=\"twitter:data1\" content=\"CabedoWP2019\" \/>\n<script type=\"application\/ld+json\" class=\"yoast-schema-graph\">{\"@context\":\"https:\/\/schema.org\",\"@graph\":[{\"@type\":\"Article\",\"@id\":\"https:\/\/cabedo.com\/valoracion-de-unidades-productivas-y-empresas-en-funcionamiento-xi-curso-superior-en-materia-concursal-2022\/#article\",\"isPartOf\":{\"@id\":\"https:\/\/cabedo.com\/valoracion-de-unidades-productivas-y-empresas-en-funcionamiento-xi-curso-superior-en-materia-concursal-2022\/\"},\"author\":{\"name\":\"CabedoWP2019\",\"@id\":\"https:\/\/cabedo.com\/#\/schema\/person\/94da2d41bf7ff295c9a6f78d51ad06ab\"},\"headline\":\"&#8220;Valoraci\u00f3n de Unidades Productivas y empresas en funcionamiento&#8221; XI Curso Superior en materia concursal 2022\",\"datePublished\":\"2022-02-24T15:15:51+00:00\",\"mainEntityOfPage\":{\"@id\":\"https:\/\/cabedo.com\/valoracion-de-unidades-productivas-y-empresas-en-funcionamiento-xi-curso-superior-en-materia-concursal-2022\/\"},\"wordCount\":111,\"commentCount\":0,\"publisher\":{\"@id\":\"https:\/\/cabedo.com\/#organization\"},\"articleSection\":[\"Sin categorizar\"],\"inLanguage\":\"ca\",\"potentialAction\":[{\"@type\":\"CommentAction\",\"name\":\"Comment\",\"target\":[\"https:\/\/cabedo.com\/valoracion-de-unidades-productivas-y-empresas-en-funcionamiento-xi-curso-superior-en-materia-concursal-2022\/#respond\"]}]},{\"@type\":\"WebPage\",\"@id\":\"https:\/\/cabedo.com\/valoracion-de-unidades-productivas-y-empresas-en-funcionamiento-xi-curso-superior-en-materia-concursal-2022\/\",\"url\":\"https:\/\/cabedo.com\/valoracion-de-unidades-productivas-y-empresas-en-funcionamiento-xi-curso-superior-en-materia-concursal-2022\/\",\"name\":\"\\\"Valoraci\u00f3n de Unidades Productivas y empresas en funcionamiento\\\" XI Curso Superior en materia concursal 2022 - Cabedo\",\"isPartOf\":{\"@id\":\"https:\/\/cabedo.com\/#website\"},\"datePublished\":\"2022-02-24T15:15:51+00:00\",\"breadcrumb\":{\"@id\":\"https:\/\/cabedo.com\/valoracion-de-unidades-productivas-y-empresas-en-funcionamiento-xi-curso-superior-en-materia-concursal-2022\/#breadcrumb\"},\"inLanguage\":\"ca\",\"potentialAction\":[{\"@type\":\"ReadAction\",\"target\":[\"https:\/\/cabedo.com\/valoracion-de-unidades-productivas-y-empresas-en-funcionamiento-xi-curso-superior-en-materia-concursal-2022\/\"]}]},{\"@type\":\"BreadcrumbList\",\"@id\":\"https:\/\/cabedo.com\/valoracion-de-unidades-productivas-y-empresas-en-funcionamiento-xi-curso-superior-en-materia-concursal-2022\/#breadcrumb\",\"itemListElement\":[{\"@type\":\"ListItem\",\"position\":1,\"name\":\"Inicio\",\"item\":\"https:\/\/cabedo.com\/ca\/\"},{\"@type\":\"ListItem\",\"position\":2,\"name\":\"\u00abValoraci\u00f3n de Unidades Productivas y empresas en funcionamiento\u00bb XI Curso Superior en materia concursal 2022\"}]},{\"@type\":\"WebSite\",\"@id\":\"https:\/\/cabedo.com\/#website\",\"url\":\"https:\/\/cabedo.com\/\",\"name\":\"Cabedo\",\"description\":\"Abogados, economistas y auditores\",\"publisher\":{\"@id\":\"https:\/\/cabedo.com\/#organization\"},\"potentialAction\":[{\"@type\":\"SearchAction\",\"target\":{\"@type\":\"EntryPoint\",\"urlTemplate\":\"https:\/\/cabedo.com\/?s={search_term_string}\"},\"query-input\":{\"@type\":\"PropertyValueSpecification\",\"valueRequired\":true,\"valueName\":\"search_term_string\"}}],\"inLanguage\":\"ca\"},{\"@type\":\"Organization\",\"@id\":\"https:\/\/cabedo.com\/#organization\",\"name\":\"Cabedo Abogados y Economistas\",\"url\":\"https:\/\/cabedo.com\/\",\"logo\":{\"@type\":\"ImageObject\",\"inLanguage\":\"ca\",\"@id\":\"https:\/\/cabedo.com\/#\/schema\/logo\/image\/\",\"url\":\"https:\/\/cabedo.com\/wp-content\/uploads\/2020\/02\/Cabdeo-icono_Mesa-de-trabajo-1.png\",\"contentUrl\":\"https:\/\/cabedo.com\/wp-content\/uploads\/2020\/02\/Cabdeo-icono_Mesa-de-trabajo-1.png\",\"width\":40,\"height\":39,\"caption\":\"Cabedo Abogados y Economistas\"},\"image\":{\"@id\":\"https:\/\/cabedo.com\/#\/schema\/logo\/image\/\"}},{\"@type\":\"Person\",\"@id\":\"https:\/\/cabedo.com\/#\/schema\/person\/94da2d41bf7ff295c9a6f78d51ad06ab\",\"name\":\"CabedoWP2019\",\"image\":{\"@type\":\"ImageObject\",\"inLanguage\":\"ca\",\"@id\":\"https:\/\/cabedo.com\/#\/schema\/person\/image\/\",\"url\":\"https:\/\/secure.gravatar.com\/avatar\/a9ae036110c97a582201cae457e2e49b34da2ddf76d9c86cd2b16edb1bbaf74f?s=96&d=mm&r=g\",\"contentUrl\":\"https:\/\/secure.gravatar.com\/avatar\/a9ae036110c97a582201cae457e2e49b34da2ddf76d9c86cd2b16edb1bbaf74f?s=96&d=mm&r=g\",\"caption\":\"CabedoWP2019\"}}]}<\/script>\n<!-- \/ Yoast SEO plugin. -->","yoast_head_json":{"title":"\"Valoraci\u00f3n de Unidades Productivas y empresas en funcionamiento\" XI Curso Superior en materia concursal 2022 - Cabedo","robots":{"index":"index","follow":"follow","max-snippet":"max-snippet:-1","max-image-preview":"max-image-preview:large","max-video-preview":"max-video-preview:-1"},"canonical":"https:\/\/cabedo.com\/valoracion-de-unidades-productivas-y-empresas-en-funcionamiento-xi-curso-superior-en-materia-concursal-2022\/","og_locale":"ca_ES","og_type":"article","og_title":"\"Valoraci\u00f3n de Unidades Productivas y empresas en funcionamiento\" XI Curso Superior en materia concursal 2022 - Cabedo","og_description":"El pr\u00f3ximo 1 de marzo de 2022, de 17:30h a 19:00h, el Sr. Rodrigo...","og_url":"https:\/\/cabedo.com\/valoracion-de-unidades-productivas-y-empresas-en-funcionamiento-xi-curso-superior-en-materia-concursal-2022\/","og_site_name":"Cabedo","article_published_time":"2022-02-24T15:15:51+00:00","author":"CabedoWP2019","twitter_card":"summary_large_image","twitter_misc":{"Escrit per":"CabedoWP2019"},"schema":{"@context":"https:\/\/schema.org","@graph":[{"@type":"Article","@id":"https:\/\/cabedo.com\/valoracion-de-unidades-productivas-y-empresas-en-funcionamiento-xi-curso-superior-en-materia-concursal-2022\/#article","isPartOf":{"@id":"https:\/\/cabedo.com\/valoracion-de-unidades-productivas-y-empresas-en-funcionamiento-xi-curso-superior-en-materia-concursal-2022\/"},"author":{"name":"CabedoWP2019","@id":"https:\/\/cabedo.com\/#\/schema\/person\/94da2d41bf7ff295c9a6f78d51ad06ab"},"headline":"&#8220;Valoraci\u00f3n de Unidades Productivas y empresas en funcionamiento&#8221; XI Curso Superior en materia concursal 2022","datePublished":"2022-02-24T15:15:51+00:00","mainEntityOfPage":{"@id":"https:\/\/cabedo.com\/valoracion-de-unidades-productivas-y-empresas-en-funcionamiento-xi-curso-superior-en-materia-concursal-2022\/"},"wordCount":111,"commentCount":0,"publisher":{"@id":"https:\/\/cabedo.com\/#organization"},"articleSection":["Sin categorizar"],"inLanguage":"ca","potentialAction":[{"@type":"CommentAction","name":"Comment","target":["https:\/\/cabedo.com\/valoracion-de-unidades-productivas-y-empresas-en-funcionamiento-xi-curso-superior-en-materia-concursal-2022\/#respond"]}]},{"@type":"WebPage","@id":"https:\/\/cabedo.com\/valoracion-de-unidades-productivas-y-empresas-en-funcionamiento-xi-curso-superior-en-materia-concursal-2022\/","url":"https:\/\/cabedo.com\/valoracion-de-unidades-productivas-y-empresas-en-funcionamiento-xi-curso-superior-en-materia-concursal-2022\/","name":"\"Valoraci\u00f3n de Unidades Productivas y empresas en funcionamiento\" XI Curso Superior en materia concursal 2022 - Cabedo","isPartOf":{"@id":"https:\/\/cabedo.com\/#website"},"datePublished":"2022-02-24T15:15:51+00:00","breadcrumb":{"@id":"https:\/\/cabedo.com\/valoracion-de-unidades-productivas-y-empresas-en-funcionamiento-xi-curso-superior-en-materia-concursal-2022\/#breadcrumb"},"inLanguage":"ca","potentialAction":[{"@type":"ReadAction","target":["https:\/\/cabedo.com\/valoracion-de-unidades-productivas-y-empresas-en-funcionamiento-xi-curso-superior-en-materia-concursal-2022\/"]}]},{"@type":"BreadcrumbList","@id":"https:\/\/cabedo.com\/valoracion-de-unidades-productivas-y-empresas-en-funcionamiento-xi-curso-superior-en-materia-concursal-2022\/#breadcrumb","itemListElement":[{"@type":"ListItem","position":1,"name":"Inicio","item":"https:\/\/cabedo.com\/ca\/"},{"@type":"ListItem","position":2,"name":"\u00abValoraci\u00f3n de Unidades Productivas y empresas en funcionamiento\u00bb XI Curso Superior en materia concursal 2022"}]},{"@type":"WebSite","@id":"https:\/\/cabedo.com\/#website","url":"https:\/\/cabedo.com\/","name":"Cabedo","description":"Abogados, economistas y auditores","publisher":{"@id":"https:\/\/cabedo.com\/#organization"},"potentialAction":[{"@type":"SearchAction","target":{"@type":"EntryPoint","urlTemplate":"https:\/\/cabedo.com\/?s={search_term_string}"},"query-input":{"@type":"PropertyValueSpecification","valueRequired":true,"valueName":"search_term_string"}}],"inLanguage":"ca"},{"@type":"Organization","@id":"https:\/\/cabedo.com\/#organization","name":"Cabedo Abogados y Economistas","url":"https:\/\/cabedo.com\/","logo":{"@type":"ImageObject","inLanguage":"ca","@id":"https:\/\/cabedo.com\/#\/schema\/logo\/image\/","url":"https:\/\/cabedo.com\/wp-content\/uploads\/2020\/02\/Cabdeo-icono_Mesa-de-trabajo-1.png","contentUrl":"https:\/\/cabedo.com\/wp-content\/uploads\/2020\/02\/Cabdeo-icono_Mesa-de-trabajo-1.png","width":40,"height":39,"caption":"Cabedo Abogados y Economistas"},"image":{"@id":"https:\/\/cabedo.com\/#\/schema\/logo\/image\/"}},{"@type":"Person","@id":"https:\/\/cabedo.com\/#\/schema\/person\/94da2d41bf7ff295c9a6f78d51ad06ab","name":"CabedoWP2019","image":{"@type":"ImageObject","inLanguage":"ca","@id":"https:\/\/cabedo.com\/#\/schema\/person\/image\/","url":"https:\/\/secure.gravatar.com\/avatar\/a9ae036110c97a582201cae457e2e49b34da2ddf76d9c86cd2b16edb1bbaf74f?s=96&d=mm&r=g","contentUrl":"https:\/\/secure.gravatar.com\/avatar\/a9ae036110c97a582201cae457e2e49b34da2ddf76d9c86cd2b16edb1bbaf74f?s=96&d=mm&r=g","caption":"CabedoWP2019"}}]}},"_links":{"self":[{"href":"https:\/\/cabedo.com\/ca\/wp-json\/wp\/v2\/posts\/5658772","targetHints":{"allow":["GET"]}}],"collection":[{"href":"https:\/\/cabedo.com\/ca\/wp-json\/wp\/v2\/posts"}],"about":[{"href":"https:\/\/cabedo.com\/ca\/wp-json\/wp\/v2\/types\/post"}],"author":[{"embeddable":true,"href":"https:\/\/cabedo.com\/ca\/wp-json\/wp\/v2\/users\/1"}],"replies":[{"embeddable":true,"href":"https:\/\/cabedo.com\/ca\/wp-json\/wp\/v2\/comments?post=5658772"}],"version-history":[{"count":1,"href":"https:\/\/cabedo.com\/ca\/wp-json\/wp\/v2\/posts\/5658772\/revisions"}],"predecessor-version":[{"id":5658773,"href":"https:\/\/cabedo.com\/ca\/wp-json\/wp\/v2\/posts\/5658772\/revisions\/5658773"}],"wp:attachment":[{"href":"https:\/\/cabedo.com\/ca\/wp-json\/wp\/v2\/media?parent=5658772"}],"wp:term":[{"taxonomy":"category","embeddable":true,"href":"https:\/\/cabedo.com\/ca\/wp-json\/wp\/v2\/categories?post=5658772"},{"taxonomy":"post_tag","embeddable":true,"href":"https:\/\/cabedo.com\/ca\/wp-json\/wp\/v2\/tags?post=5658772"}],"curies":[{"name":"wp","href":"https:\/\/api.w.org\/{rel}","templated":true}]}}