{"id":5658777,"date":"2022-03-28T15:43:04","date_gmt":"2022-03-28T13:43:04","guid":{"rendered":"https:\/\/cabedo.com\/?p=5658777"},"modified":"2022-03-28T15:53:07","modified_gmt":"2022-03-28T13:53:07","slug":"jornades-sobre-questions-actuals-i-dinteres-en-el-dret-societari","status":"publish","type":"post","link":"https:\/\/cabedo.com\/ca\/jornades-sobre-questions-actuals-i-dinteres-en-el-dret-societari\/","title":{"rendered":"JORNADES SOBRE Q\u00dcESTIONS ACTUALS I D&#8217;INTER\u00c8S EN EL DRET SOCIETARI"},"content":{"rendered":"<div class=\"wpb-content-wrapper\">[vc_row][vc_column][vc_column_text]El proper <strong>6 d&#8217;abril de 2022<\/strong> comencen les <em>Jornades sobre q\u00fcestions actuals i d&#8217;inter\u00e8s en el Dret Societar<\/em>i que organitza el Col\u00b7legi d&#8217;Economistes de Catalunya. Destaquem la segona sessi\u00f3 del dimecres 13 d&#8217;abril de 2022 en la qual participar\u00e0 el Sr. <strong>Rodrigo Cabedo<\/strong> amb una intervenci\u00f3 sobre la <strong>Liquidaci\u00f3 Societ\u00e0ria versus liquidaci\u00f3 Concursal<\/strong>.<\/p>\n<p>&nbsp;<\/p>\n<p><strong>PROGRAMA<\/strong><\/p>\n<p><u><strong>Dimecres, 6 d&#8217;abril de 2022<\/strong><\/u>16.00 a 17.30 h |<strong>\u00a0ASPECTES RELLEVANTS EN MAT\u00c8RIA DE FUNCIONAMENT DELS \u00d2RGANS SOCIETARIS.<\/strong><\/p>\n<ul>\n<li>Sr. Jordi Adell Mart\u00ednez.\u00a0Economista i advocat. Soci departament de Dret Mercantil de CROWE Legal y Tributario.<\/li>\n<\/ul>\n<p>17.30 a 19.00 h\u00a0|\u00a0DRETS DEL SOCI: INFORMACI\u00d3, VOT, IMPUGNACI\u00d3 I SEPARACI\u00d3. EVOLUCI\u00d3 DE L&#8217;APLICACI\u00d3 DE LA REFORMA SOCIET\u00c0RIA<\/p>\n<ul>\n<li>Sr. I\u00f1aki Frias Inchausti.\u00a0Advocat. Soci departament de Dret Mercantil de DWF-RCD.<\/li>\n<\/ul>\n<p>&nbsp;<\/p>\n<p><span style=\"font-family: open sans, helvetica neue, helvetica, arial, sans-serif;\"><u><strong>Dimecres,\u00a013 d&#8217;abril de 2022<\/strong><\/u><\/span><\/p>\n<p>16.00 a 17.30 h\u00a0|\u00a0<span style=\"font-family: open sans, helvetica neue, helvetica, arial, sans-serif;\"><strong>PACTES PARASOCIALS: AMPLIACI\u00d3 DE CAPITAL, RESTITUCI\u00d3 D&#8217;APORTACIONS, TRANSMISSI\u00d3 DE PARTICIPACIONS O ACCIONS, PRESTACIONS ACCESS\u00d2RIES<\/strong><\/span><\/p>\n<ul>\n<li><strong>Sr. Daniel V\u00e1zquez Albert.<\/strong>\u00a0Advocat. Catedr\u00e0tic de Dret Mercantil de la Universitat de Barcelona.<\/li>\n<\/ul>\n<p><span style=\"font-family: open sans, helvetica neue, helvetica, arial, sans-serif;\">17.30 a 19.00 h\u00a0<\/span>| L<span style=\"font-family: open sans, helvetica neue, helvetica, arial, sans-serif;\"><strong>IQUIDACI\u00d3 SOCIET\u00c0RIA VERSUS LIQUIDACI\u00d3 CONCURSAL. DIFER\u00c8NCIES<\/strong><\/span><\/p>\n<ul>\n<li><strong>Sr. Rodrigo Cabedo Gregori.<\/strong>\u00a0Economista i advocat. Soci director de CABEDO Abogados y Economistas S.L.P.<\/li>\n<\/ul>\n<p>&nbsp;<\/p>\n<p><span style=\"font-family: open sans, helvetica neue, helvetica, arial, sans-serif;\"><u><strong>Dimecres,\u00a020 d&#8217;abril de 2022<\/strong><\/u><\/span><\/p>\n<p>16.00 a 17.30 h\u00a0|\u00a0<span style=\"font-family: open sans, helvetica neue, helvetica, arial, sans-serif;\"><strong>MODIFICACIONS SUBSTANCIALS DE L&#8217;ESTRUCTURA DEL CAPITAL: FUSI\u00d3, ESCISSI\u00d3, &#8220;OPERACI\u00d3 ACORDI\u00d3&#8221;<\/strong><\/span><\/p>\n<ul>\n<li><strong>Sr. Josep Pujolr\u00e0s Nonell.<\/strong>\u00a0Economista i advocat. Soci de ROCA JUNYENT.<\/li>\n<\/ul>\n<p>&nbsp;<\/p>\n<p><span style=\"font-family: open sans, helvetica neue, helvetica, arial, sans-serif;\">17.30 a 19.00 h\u00a0<\/span>|\u00a0<span style=\"font-family: open sans, helvetica neue, helvetica, arial, sans-serif;\"><strong>ADMINISTRADORS SOCIALS: LA RETRIBUCI\u00d3 I LES RESPONSABILITATS PER DEUTES. \u00daLTIMS PRONUNCIAMENTS JUDICIALS I REGISTRALS.<\/strong><\/span><\/p>\n<ul>\n<li><strong>Sr. Roberto Ni\u00f1o\u00a0Est\u00e9banez<\/strong>. Jutge especialista Mercantil. Magistrat de la Secci\u00f3 1a de l&#8217;AUDIENCIA PROVINCIAL DE TARRAGONA.<\/li>\n<\/ul>\n<p>&nbsp;<\/p>\n<p><span style=\"font-family: open sans, helvetica neue, helvetica, arial, sans-serif;\"><u><strong>Dimecres,\u00a020 d&#8217;abril de 2022<\/strong><\/u><\/span><\/p>\n<p>16.00 a 17.30 h\u00a0|\u00a0<span style=\"font-family: open sans, helvetica neue, helvetica, arial, sans-serif;\"><strong>MODIFICACIONS SUBSTANCIALS DE L&#8217;ESTRUCTURA DEL CAPITAL: FUSI\u00d3, ESCISSI\u00d3, &#8220;OPERACI\u00d3 ACORDI\u00d3&#8221;<\/strong><\/span><\/p>\n<ul>\n<li><strong>Sr. Josep Pujolr\u00e0s Nonell.<\/strong>\u00a0Economista i advocat. Soci de ROCA JUNYENT.<\/li>\n<\/ul>\n<p>&nbsp;<\/p>\n<p><span style=\"font-family: open sans, helvetica neue, helvetica, arial, sans-serif;\">17.30 a 19.00 h\u00a0<\/span>|\u00a0<span style=\"font-family: open sans, helvetica neue, helvetica, arial, sans-serif;\"><strong>ADMINISTRADORS SOCIALS: LA RETRIBUCI\u00d3 I LES RESPONSABILITATS PER DEUTES. \u00daLTIMS PRONUNCIAMENTS JUDICIALS I REGISTRALS.<\/strong><\/span><\/p>\n<ul>\n<li><strong>Sr. Roberto Ni\u00f1o\u00a0Est\u00e9banez<\/strong>. Jutge especialista Mercantil. Magistrat de la Secci\u00f3 1a de l&#8217;AUDIENCIA PROVINCIAL DE TARRAGONA.<\/li>\n<\/ul>\n<p>&nbsp;<\/p>\n<p>Per a m\u00e9s informaci\u00f3 i inscripcions veure el seg\u00fcent <a href=\"https:\/\/www.coleconomistes.cat\/Eventos\/wf_curso.aspx?IdMenu=d94ff862-99b6-463b-bde4-de56a1789838&amp;Cod=15469&amp;Idioma=ca-ES\">enlla\u00e7<\/a>.[\/vc_column_text][\/vc_column][\/vc_row]\n<\/div>","protected":false},"excerpt":{"rendered":"<p>[vc_row][vc_column][vc_column_text]El proper 6 d&#8217;abril de 2022 comencen les Jornades sobre q\u00fcestions actuals i d&#8217;inter\u00e8s&#8230;<\/p>\n","protected":false},"author":1,"featured_media":0,"comment_status":"open","ping_status":"open","sticky":false,"template":"","format":"standard","meta":{"footnotes":""},"categories":[1],"tags":[],"class_list":["post-5658777","post","type-post","status-publish","format-standard","hentry","category-sin-categorizar"],"yoast_head":"<!-- This site is optimized with the Yoast SEO plugin v25.2 - https:\/\/yoast.com\/wordpress\/plugins\/seo\/ -->\n<title>JORNADES SOBRE Q\u00dcESTIONS ACTUALS I D&#039;INTER\u00c8S EN EL DRET SOCIETARI - Cabedo<\/title>\n<meta name=\"robots\" content=\"index, follow, max-snippet:-1, max-image-preview:large, max-video-preview:-1\" \/>\n<link rel=\"canonical\" href=\"https:\/\/cabedo.com\/jornades-sobre-questions-actuals-i-dinteres-en-el-dret-societari\/\" \/>\n<meta property=\"og:locale\" content=\"ca_ES\" \/>\n<meta property=\"og:type\" content=\"article\" \/>\n<meta property=\"og:title\" content=\"JORNADES SOBRE Q\u00dcESTIONS ACTUALS I D&#039;INTER\u00c8S EN EL DRET SOCIETARI - Cabedo\" \/>\n<meta property=\"og:description\" content=\"[vc_row][vc_column][vc_column_text]El proper 6 d&#8217;abril de 2022 comencen les Jornades sobre q\u00fcestions actuals i d&#8217;inter\u00e8s...\" \/>\n<meta property=\"og:url\" content=\"https:\/\/cabedo.com\/jornades-sobre-questions-actuals-i-dinteres-en-el-dret-societari\/\" \/>\n<meta property=\"og:site_name\" content=\"Cabedo\" \/>\n<meta property=\"article:published_time\" content=\"2022-03-28T13:43:04+00:00\" \/>\n<meta property=\"article:modified_time\" content=\"2022-03-28T13:53:07+00:00\" \/>\n<meta name=\"author\" content=\"CabedoWP2019\" \/>\n<meta name=\"twitter:card\" content=\"summary_large_image\" \/>\n<meta name=\"twitter:label1\" content=\"Escrit per\" \/>\n\t<meta name=\"twitter:data1\" content=\"CabedoWP2019\" \/>\n\t<meta name=\"twitter:label2\" content=\"Temps estimat de lectura\" \/>\n\t<meta name=\"twitter:data2\" content=\"2 minuts\" \/>\n<script type=\"application\/ld+json\" class=\"yoast-schema-graph\">{\"@context\":\"https:\/\/schema.org\",\"@graph\":[{\"@type\":\"Article\",\"@id\":\"https:\/\/cabedo.com\/jornades-sobre-questions-actuals-i-dinteres-en-el-dret-societari\/#article\",\"isPartOf\":{\"@id\":\"https:\/\/cabedo.com\/jornades-sobre-questions-actuals-i-dinteres-en-el-dret-societari\/\"},\"author\":{\"name\":\"CabedoWP2019\",\"@id\":\"https:\/\/cabedo.com\/#\/schema\/person\/94da2d41bf7ff295c9a6f78d51ad06ab\"},\"headline\":\"JORNADES SOBRE Q\u00dcESTIONS ACTUALS I D&#8217;INTER\u00c8S EN EL DRET SOCIETARI\",\"datePublished\":\"2022-03-28T13:43:04+00:00\",\"dateModified\":\"2022-03-28T13:53:07+00:00\",\"mainEntityOfPage\":{\"@id\":\"https:\/\/cabedo.com\/jornades-sobre-questions-actuals-i-dinteres-en-el-dret-societari\/\"},\"wordCount\":366,\"commentCount\":0,\"publisher\":{\"@id\":\"https:\/\/cabedo.com\/#organization\"},\"articleSection\":[\"Sin categorizar\"],\"inLanguage\":\"ca\",\"potentialAction\":[{\"@type\":\"CommentAction\",\"name\":\"Comment\",\"target\":[\"https:\/\/cabedo.com\/jornades-sobre-questions-actuals-i-dinteres-en-el-dret-societari\/#respond\"]}]},{\"@type\":\"WebPage\",\"@id\":\"https:\/\/cabedo.com\/jornades-sobre-questions-actuals-i-dinteres-en-el-dret-societari\/\",\"url\":\"https:\/\/cabedo.com\/jornades-sobre-questions-actuals-i-dinteres-en-el-dret-societari\/\",\"name\":\"JORNADES SOBRE Q\u00dcESTIONS ACTUALS I D'INTER\u00c8S EN EL DRET SOCIETARI - Cabedo\",\"isPartOf\":{\"@id\":\"https:\/\/cabedo.com\/#website\"},\"datePublished\":\"2022-03-28T13:43:04+00:00\",\"dateModified\":\"2022-03-28T13:53:07+00:00\",\"breadcrumb\":{\"@id\":\"https:\/\/cabedo.com\/jornades-sobre-questions-actuals-i-dinteres-en-el-dret-societari\/#breadcrumb\"},\"inLanguage\":\"ca\",\"potentialAction\":[{\"@type\":\"ReadAction\",\"target\":[\"https:\/\/cabedo.com\/jornades-sobre-questions-actuals-i-dinteres-en-el-dret-societari\/\"]}]},{\"@type\":\"BreadcrumbList\",\"@id\":\"https:\/\/cabedo.com\/jornades-sobre-questions-actuals-i-dinteres-en-el-dret-societari\/#breadcrumb\",\"itemListElement\":[{\"@type\":\"ListItem\",\"position\":1,\"name\":\"Inicio\",\"item\":\"https:\/\/cabedo.com\/ca\/\"},{\"@type\":\"ListItem\",\"position\":2,\"name\":\"JORNADES SOBRE Q\u00dcESTIONS ACTUALS I D&#8217;INTER\u00c8S EN EL DRET SOCIETARI\"}]},{\"@type\":\"WebSite\",\"@id\":\"https:\/\/cabedo.com\/#website\",\"url\":\"https:\/\/cabedo.com\/\",\"name\":\"Cabedo\",\"description\":\"Abogados, economistas y auditores\",\"publisher\":{\"@id\":\"https:\/\/cabedo.com\/#organization\"},\"potentialAction\":[{\"@type\":\"SearchAction\",\"target\":{\"@type\":\"EntryPoint\",\"urlTemplate\":\"https:\/\/cabedo.com\/?s={search_term_string}\"},\"query-input\":{\"@type\":\"PropertyValueSpecification\",\"valueRequired\":true,\"valueName\":\"search_term_string\"}}],\"inLanguage\":\"ca\"},{\"@type\":\"Organization\",\"@id\":\"https:\/\/cabedo.com\/#organization\",\"name\":\"Cabedo Abogados y Economistas\",\"url\":\"https:\/\/cabedo.com\/\",\"logo\":{\"@type\":\"ImageObject\",\"inLanguage\":\"ca\",\"@id\":\"https:\/\/cabedo.com\/#\/schema\/logo\/image\/\",\"url\":\"https:\/\/cabedo.com\/wp-content\/uploads\/2020\/02\/Cabdeo-icono_Mesa-de-trabajo-1.png\",\"contentUrl\":\"https:\/\/cabedo.com\/wp-content\/uploads\/2020\/02\/Cabdeo-icono_Mesa-de-trabajo-1.png\",\"width\":40,\"height\":39,\"caption\":\"Cabedo Abogados y Economistas\"},\"image\":{\"@id\":\"https:\/\/cabedo.com\/#\/schema\/logo\/image\/\"}},{\"@type\":\"Person\",\"@id\":\"https:\/\/cabedo.com\/#\/schema\/person\/94da2d41bf7ff295c9a6f78d51ad06ab\",\"name\":\"CabedoWP2019\",\"image\":{\"@type\":\"ImageObject\",\"inLanguage\":\"ca\",\"@id\":\"https:\/\/cabedo.com\/#\/schema\/person\/image\/\",\"url\":\"https:\/\/secure.gravatar.com\/avatar\/a9ae036110c97a582201cae457e2e49b34da2ddf76d9c86cd2b16edb1bbaf74f?s=96&d=mm&r=g\",\"contentUrl\":\"https:\/\/secure.gravatar.com\/avatar\/a9ae036110c97a582201cae457e2e49b34da2ddf76d9c86cd2b16edb1bbaf74f?s=96&d=mm&r=g\",\"caption\":\"CabedoWP2019\"}}]}<\/script>\n<!-- \/ Yoast SEO plugin. -->","yoast_head_json":{"title":"JORNADES SOBRE Q\u00dcESTIONS ACTUALS I D'INTER\u00c8S EN EL DRET SOCIETARI - Cabedo","robots":{"index":"index","follow":"follow","max-snippet":"max-snippet:-1","max-image-preview":"max-image-preview:large","max-video-preview":"max-video-preview:-1"},"canonical":"https:\/\/cabedo.com\/jornades-sobre-questions-actuals-i-dinteres-en-el-dret-societari\/","og_locale":"ca_ES","og_type":"article","og_title":"JORNADES SOBRE Q\u00dcESTIONS ACTUALS I D'INTER\u00c8S EN EL DRET SOCIETARI - Cabedo","og_description":"[vc_row][vc_column][vc_column_text]El proper 6 d&#8217;abril de 2022 comencen les Jornades sobre q\u00fcestions actuals i d&#8217;inter\u00e8s...","og_url":"https:\/\/cabedo.com\/jornades-sobre-questions-actuals-i-dinteres-en-el-dret-societari\/","og_site_name":"Cabedo","article_published_time":"2022-03-28T13:43:04+00:00","article_modified_time":"2022-03-28T13:53:07+00:00","author":"CabedoWP2019","twitter_card":"summary_large_image","twitter_misc":{"Escrit per":"CabedoWP2019","Temps estimat de lectura":"2 minuts"},"schema":{"@context":"https:\/\/schema.org","@graph":[{"@type":"Article","@id":"https:\/\/cabedo.com\/jornades-sobre-questions-actuals-i-dinteres-en-el-dret-societari\/#article","isPartOf":{"@id":"https:\/\/cabedo.com\/jornades-sobre-questions-actuals-i-dinteres-en-el-dret-societari\/"},"author":{"name":"CabedoWP2019","@id":"https:\/\/cabedo.com\/#\/schema\/person\/94da2d41bf7ff295c9a6f78d51ad06ab"},"headline":"JORNADES SOBRE Q\u00dcESTIONS ACTUALS I D&#8217;INTER\u00c8S EN EL DRET SOCIETARI","datePublished":"2022-03-28T13:43:04+00:00","dateModified":"2022-03-28T13:53:07+00:00","mainEntityOfPage":{"@id":"https:\/\/cabedo.com\/jornades-sobre-questions-actuals-i-dinteres-en-el-dret-societari\/"},"wordCount":366,"commentCount":0,"publisher":{"@id":"https:\/\/cabedo.com\/#organization"},"articleSection":["Sin categorizar"],"inLanguage":"ca","potentialAction":[{"@type":"CommentAction","name":"Comment","target":["https:\/\/cabedo.com\/jornades-sobre-questions-actuals-i-dinteres-en-el-dret-societari\/#respond"]}]},{"@type":"WebPage","@id":"https:\/\/cabedo.com\/jornades-sobre-questions-actuals-i-dinteres-en-el-dret-societari\/","url":"https:\/\/cabedo.com\/jornades-sobre-questions-actuals-i-dinteres-en-el-dret-societari\/","name":"JORNADES SOBRE Q\u00dcESTIONS ACTUALS I D'INTER\u00c8S EN EL DRET SOCIETARI - Cabedo","isPartOf":{"@id":"https:\/\/cabedo.com\/#website"},"datePublished":"2022-03-28T13:43:04+00:00","dateModified":"2022-03-28T13:53:07+00:00","breadcrumb":{"@id":"https:\/\/cabedo.com\/jornades-sobre-questions-actuals-i-dinteres-en-el-dret-societari\/#breadcrumb"},"inLanguage":"ca","potentialAction":[{"@type":"ReadAction","target":["https:\/\/cabedo.com\/jornades-sobre-questions-actuals-i-dinteres-en-el-dret-societari\/"]}]},{"@type":"BreadcrumbList","@id":"https:\/\/cabedo.com\/jornades-sobre-questions-actuals-i-dinteres-en-el-dret-societari\/#breadcrumb","itemListElement":[{"@type":"ListItem","position":1,"name":"Inicio","item":"https:\/\/cabedo.com\/ca\/"},{"@type":"ListItem","position":2,"name":"JORNADES SOBRE Q\u00dcESTIONS ACTUALS I D&#8217;INTER\u00c8S EN EL DRET SOCIETARI"}]},{"@type":"WebSite","@id":"https:\/\/cabedo.com\/#website","url":"https:\/\/cabedo.com\/","name":"Cabedo","description":"Abogados, economistas y auditores","publisher":{"@id":"https:\/\/cabedo.com\/#organization"},"potentialAction":[{"@type":"SearchAction","target":{"@type":"EntryPoint","urlTemplate":"https:\/\/cabedo.com\/?s={search_term_string}"},"query-input":{"@type":"PropertyValueSpecification","valueRequired":true,"valueName":"search_term_string"}}],"inLanguage":"ca"},{"@type":"Organization","@id":"https:\/\/cabedo.com\/#organization","name":"Cabedo Abogados y Economistas","url":"https:\/\/cabedo.com\/","logo":{"@type":"ImageObject","inLanguage":"ca","@id":"https:\/\/cabedo.com\/#\/schema\/logo\/image\/","url":"https:\/\/cabedo.com\/wp-content\/uploads\/2020\/02\/Cabdeo-icono_Mesa-de-trabajo-1.png","contentUrl":"https:\/\/cabedo.com\/wp-content\/uploads\/2020\/02\/Cabdeo-icono_Mesa-de-trabajo-1.png","width":40,"height":39,"caption":"Cabedo Abogados y Economistas"},"image":{"@id":"https:\/\/cabedo.com\/#\/schema\/logo\/image\/"}},{"@type":"Person","@id":"https:\/\/cabedo.com\/#\/schema\/person\/94da2d41bf7ff295c9a6f78d51ad06ab","name":"CabedoWP2019","image":{"@type":"ImageObject","inLanguage":"ca","@id":"https:\/\/cabedo.com\/#\/schema\/person\/image\/","url":"https:\/\/secure.gravatar.com\/avatar\/a9ae036110c97a582201cae457e2e49b34da2ddf76d9c86cd2b16edb1bbaf74f?s=96&d=mm&r=g","contentUrl":"https:\/\/secure.gravatar.com\/avatar\/a9ae036110c97a582201cae457e2e49b34da2ddf76d9c86cd2b16edb1bbaf74f?s=96&d=mm&r=g","caption":"CabedoWP2019"}}]}},"_links":{"self":[{"href":"https:\/\/cabedo.com\/ca\/wp-json\/wp\/v2\/posts\/5658777","targetHints":{"allow":["GET"]}}],"collection":[{"href":"https:\/\/cabedo.com\/ca\/wp-json\/wp\/v2\/posts"}],"about":[{"href":"https:\/\/cabedo.com\/ca\/wp-json\/wp\/v2\/types\/post"}],"author":[{"embeddable":true,"href":"https:\/\/cabedo.com\/ca\/wp-json\/wp\/v2\/users\/1"}],"replies":[{"embeddable":true,"href":"https:\/\/cabedo.com\/ca\/wp-json\/wp\/v2\/comments?post=5658777"}],"version-history":[{"count":1,"href":"https:\/\/cabedo.com\/ca\/wp-json\/wp\/v2\/posts\/5658777\/revisions"}],"predecessor-version":[{"id":5658778,"href":"https:\/\/cabedo.com\/ca\/wp-json\/wp\/v2\/posts\/5658777\/revisions\/5658778"}],"wp:attachment":[{"href":"https:\/\/cabedo.com\/ca\/wp-json\/wp\/v2\/media?parent=5658777"}],"wp:term":[{"taxonomy":"category","embeddable":true,"href":"https:\/\/cabedo.com\/ca\/wp-json\/wp\/v2\/categories?post=5658777"},{"taxonomy":"post_tag","embeddable":true,"href":"https:\/\/cabedo.com\/ca\/wp-json\/wp\/v2\/tags?post=5658777"}],"curies":[{"name":"wp","href":"https:\/\/api.w.org\/{rel}","templated":true}]}}