{"id":5658801,"date":"2022-07-06T16:35:29","date_gmt":"2022-07-06T14:35:29","guid":{"rendered":"https:\/\/cabedo.com\/?p=5658801"},"modified":"2022-07-06T16:35:31","modified_gmt":"2022-07-06T14:35:31","slug":"reestructuracion-de-empresas-en-crisis-diploma-de-alta-especializacion","status":"publish","type":"post","link":"https:\/\/cabedo.com\/ca\/reestructuracion-de-empresas-en-crisis-diploma-de-alta-especializacion\/","title":{"rendered":"REESTRUCTURACI\u00d3N DE EMPRESAS EN CRISIS. Diploma de alta especializaci\u00f3n"},"content":{"rendered":"\n<p><\/p>\n\n\n\n<p>Este curso coorganizado por el <strong>Consejo General de Economistas<\/strong>, a trav\u00e9s de su <strong>Registro de Economistas Forenses (REFOR)<\/strong>, y la <strong>Escuela de Pr\u00e1ctica Jur\u00eddica de la Universidad Complutense de Madrid<\/strong>, plantea una aproximaci\u00f3n interdisciplinar econ\u00f3mica y jur\u00eddica para abordar el estudio de la reforma del Texto Refundido de la Ley Concursal que, entre otros aspectos, conllevar\u00e1 la introducci\u00f3n en nuestro derecho de figuras tan novedosas como el experto en reestructuraciones. <\/p>\n\n\n\n<p>Se trata de un curso de alta especializaci\u00f3n sobre reestructuraci\u00f3n de empresas en crisis en el que los contenidos econ\u00f3micos se complementan con los necesarios conocimientos y aprendizajes jur\u00eddicos. <\/p>\n\n\n\n<p>La duraci\u00f3n ser\u00e1 de 60h y ser\u00e1 impartido en modalidad h\u00edbrida (presencial\/virtual) por reconocidos juristas especialistas en materia de reestructuraci\u00f3n, procedentes del mudno de la Academia, la judicatura y la abogac\u00eda, as\u00ed como por expertos economistas inscritos en el Registro de Economistas Forenses; entre los cuales destacamos la presencia y la participaci\u00f3n de nuestro socio director el Sr. <strong>Rodrigo Cabedo Gregori<\/strong>.<\/p>\n\n\n\n<p>Para consultar el programa completo, el plan de estudios y el profesorado del curso pueden ver el siguiente <a href=\"https:\/\/www.epj.es\/oferta-formativa\/diplomas_de_alta_especializacion\/diploma_de_alta_especializacion_en_reestructuracion_de_empresas_en_crisis\/\">enlace<\/a> <\/p>\n","protected":false},"excerpt":{"rendered":"<p>Este curso coorganizado por el Consejo General de Economistas, a trav\u00e9s de su Registro&#8230;<\/p>\n","protected":false},"author":1,"featured_media":0,"comment_status":"open","ping_status":"open","sticky":false,"template":"","format":"standard","meta":{"footnotes":""},"categories":[1],"tags":[],"class_list":["post-5658801","post","type-post","status-publish","format-standard","hentry","category-sin-categorizar"],"yoast_head":"<!-- This site is optimized with the Yoast SEO plugin v25.2 - https:\/\/yoast.com\/wordpress\/plugins\/seo\/ -->\n<title>REESTRUCTURACI\u00d3N DE EMPRESAS EN CRISIS. Diploma de alta especializaci\u00f3n - Cabedo<\/title>\n<meta name=\"robots\" content=\"index, follow, max-snippet:-1, max-image-preview:large, max-video-preview:-1\" \/>\n<link rel=\"canonical\" href=\"https:\/\/cabedo.com\/reestructuracion-de-empresas-en-crisis-diploma-de-alta-especializacion\/\" \/>\n<meta property=\"og:locale\" content=\"ca_ES\" \/>\n<meta property=\"og:type\" content=\"article\" \/>\n<meta property=\"og:title\" content=\"REESTRUCTURACI\u00d3N DE EMPRESAS EN CRISIS. Diploma de alta especializaci\u00f3n - Cabedo\" \/>\n<meta property=\"og:description\" content=\"Este curso coorganizado por el Consejo General de Economistas, a trav\u00e9s de su Registro...\" \/>\n<meta property=\"og:url\" content=\"https:\/\/cabedo.com\/reestructuracion-de-empresas-en-crisis-diploma-de-alta-especializacion\/\" \/>\n<meta property=\"og:site_name\" content=\"Cabedo\" \/>\n<meta property=\"article:published_time\" content=\"2022-07-06T14:35:29+00:00\" \/>\n<meta property=\"article:modified_time\" content=\"2022-07-06T14:35:31+00:00\" \/>\n<meta name=\"author\" content=\"CabedoWP2019\" \/>\n<meta name=\"twitter:card\" content=\"summary_large_image\" \/>\n<meta name=\"twitter:label1\" content=\"Escrit per\" \/>\n\t<meta name=\"twitter:data1\" content=\"CabedoWP2019\" \/>\n\t<meta name=\"twitter:label2\" content=\"Temps estimat de lectura\" \/>\n\t<meta name=\"twitter:data2\" content=\"1 minut\" \/>\n<script type=\"application\/ld+json\" class=\"yoast-schema-graph\">{\"@context\":\"https:\/\/schema.org\",\"@graph\":[{\"@type\":\"Article\",\"@id\":\"https:\/\/cabedo.com\/reestructuracion-de-empresas-en-crisis-diploma-de-alta-especializacion\/#article\",\"isPartOf\":{\"@id\":\"https:\/\/cabedo.com\/reestructuracion-de-empresas-en-crisis-diploma-de-alta-especializacion\/\"},\"author\":{\"name\":\"CabedoWP2019\",\"@id\":\"https:\/\/cabedo.com\/#\/schema\/person\/94da2d41bf7ff295c9a6f78d51ad06ab\"},\"headline\":\"REESTRUCTURACI\u00d3N DE EMPRESAS EN CRISIS. Diploma de alta especializaci\u00f3n\",\"datePublished\":\"2022-07-06T14:35:29+00:00\",\"dateModified\":\"2022-07-06T14:35:31+00:00\",\"mainEntityOfPage\":{\"@id\":\"https:\/\/cabedo.com\/reestructuracion-de-empresas-en-crisis-diploma-de-alta-especializacion\/\"},\"wordCount\":207,\"commentCount\":0,\"publisher\":{\"@id\":\"https:\/\/cabedo.com\/#organization\"},\"articleSection\":[\"Sin categorizar\"],\"inLanguage\":\"ca\",\"potentialAction\":[{\"@type\":\"CommentAction\",\"name\":\"Comment\",\"target\":[\"https:\/\/cabedo.com\/reestructuracion-de-empresas-en-crisis-diploma-de-alta-especializacion\/#respond\"]}]},{\"@type\":\"WebPage\",\"@id\":\"https:\/\/cabedo.com\/reestructuracion-de-empresas-en-crisis-diploma-de-alta-especializacion\/\",\"url\":\"https:\/\/cabedo.com\/reestructuracion-de-empresas-en-crisis-diploma-de-alta-especializacion\/\",\"name\":\"REESTRUCTURACI\u00d3N DE EMPRESAS EN CRISIS. Diploma de alta especializaci\u00f3n - Cabedo\",\"isPartOf\":{\"@id\":\"https:\/\/cabedo.com\/#website\"},\"datePublished\":\"2022-07-06T14:35:29+00:00\",\"dateModified\":\"2022-07-06T14:35:31+00:00\",\"breadcrumb\":{\"@id\":\"https:\/\/cabedo.com\/reestructuracion-de-empresas-en-crisis-diploma-de-alta-especializacion\/#breadcrumb\"},\"inLanguage\":\"ca\",\"potentialAction\":[{\"@type\":\"ReadAction\",\"target\":[\"https:\/\/cabedo.com\/reestructuracion-de-empresas-en-crisis-diploma-de-alta-especializacion\/\"]}]},{\"@type\":\"BreadcrumbList\",\"@id\":\"https:\/\/cabedo.com\/reestructuracion-de-empresas-en-crisis-diploma-de-alta-especializacion\/#breadcrumb\",\"itemListElement\":[{\"@type\":\"ListItem\",\"position\":1,\"name\":\"Inicio\",\"item\":\"https:\/\/cabedo.com\/ca\/\"},{\"@type\":\"ListItem\",\"position\":2,\"name\":\"REESTRUCTURACI\u00d3N DE EMPRESAS EN CRISIS. Diploma de alta especializaci\u00f3n\"}]},{\"@type\":\"WebSite\",\"@id\":\"https:\/\/cabedo.com\/#website\",\"url\":\"https:\/\/cabedo.com\/\",\"name\":\"Cabedo\",\"description\":\"Abogados, economistas y auditores\",\"publisher\":{\"@id\":\"https:\/\/cabedo.com\/#organization\"},\"potentialAction\":[{\"@type\":\"SearchAction\",\"target\":{\"@type\":\"EntryPoint\",\"urlTemplate\":\"https:\/\/cabedo.com\/?s={search_term_string}\"},\"query-input\":{\"@type\":\"PropertyValueSpecification\",\"valueRequired\":true,\"valueName\":\"search_term_string\"}}],\"inLanguage\":\"ca\"},{\"@type\":\"Organization\",\"@id\":\"https:\/\/cabedo.com\/#organization\",\"name\":\"Cabedo Abogados y Economistas\",\"url\":\"https:\/\/cabedo.com\/\",\"logo\":{\"@type\":\"ImageObject\",\"inLanguage\":\"ca\",\"@id\":\"https:\/\/cabedo.com\/#\/schema\/logo\/image\/\",\"url\":\"https:\/\/cabedo.com\/wp-content\/uploads\/2020\/02\/Cabdeo-icono_Mesa-de-trabajo-1.png\",\"contentUrl\":\"https:\/\/cabedo.com\/wp-content\/uploads\/2020\/02\/Cabdeo-icono_Mesa-de-trabajo-1.png\",\"width\":40,\"height\":39,\"caption\":\"Cabedo Abogados y Economistas\"},\"image\":{\"@id\":\"https:\/\/cabedo.com\/#\/schema\/logo\/image\/\"}},{\"@type\":\"Person\",\"@id\":\"https:\/\/cabedo.com\/#\/schema\/person\/94da2d41bf7ff295c9a6f78d51ad06ab\",\"name\":\"CabedoWP2019\",\"image\":{\"@type\":\"ImageObject\",\"inLanguage\":\"ca\",\"@id\":\"https:\/\/cabedo.com\/#\/schema\/person\/image\/\",\"url\":\"https:\/\/secure.gravatar.com\/avatar\/a9ae036110c97a582201cae457e2e49b34da2ddf76d9c86cd2b16edb1bbaf74f?s=96&d=mm&r=g\",\"contentUrl\":\"https:\/\/secure.gravatar.com\/avatar\/a9ae036110c97a582201cae457e2e49b34da2ddf76d9c86cd2b16edb1bbaf74f?s=96&d=mm&r=g\",\"caption\":\"CabedoWP2019\"}}]}<\/script>\n<!-- \/ Yoast SEO plugin. -->","yoast_head_json":{"title":"REESTRUCTURACI\u00d3N DE EMPRESAS EN CRISIS. Diploma de alta especializaci\u00f3n - Cabedo","robots":{"index":"index","follow":"follow","max-snippet":"max-snippet:-1","max-image-preview":"max-image-preview:large","max-video-preview":"max-video-preview:-1"},"canonical":"https:\/\/cabedo.com\/reestructuracion-de-empresas-en-crisis-diploma-de-alta-especializacion\/","og_locale":"ca_ES","og_type":"article","og_title":"REESTRUCTURACI\u00d3N DE EMPRESAS EN CRISIS. Diploma de alta especializaci\u00f3n - Cabedo","og_description":"Este curso coorganizado por el Consejo General de Economistas, a trav\u00e9s de su Registro...","og_url":"https:\/\/cabedo.com\/reestructuracion-de-empresas-en-crisis-diploma-de-alta-especializacion\/","og_site_name":"Cabedo","article_published_time":"2022-07-06T14:35:29+00:00","article_modified_time":"2022-07-06T14:35:31+00:00","author":"CabedoWP2019","twitter_card":"summary_large_image","twitter_misc":{"Escrit per":"CabedoWP2019","Temps estimat de lectura":"1 minut"},"schema":{"@context":"https:\/\/schema.org","@graph":[{"@type":"Article","@id":"https:\/\/cabedo.com\/reestructuracion-de-empresas-en-crisis-diploma-de-alta-especializacion\/#article","isPartOf":{"@id":"https:\/\/cabedo.com\/reestructuracion-de-empresas-en-crisis-diploma-de-alta-especializacion\/"},"author":{"name":"CabedoWP2019","@id":"https:\/\/cabedo.com\/#\/schema\/person\/94da2d41bf7ff295c9a6f78d51ad06ab"},"headline":"REESTRUCTURACI\u00d3N DE EMPRESAS EN CRISIS. Diploma de alta especializaci\u00f3n","datePublished":"2022-07-06T14:35:29+00:00","dateModified":"2022-07-06T14:35:31+00:00","mainEntityOfPage":{"@id":"https:\/\/cabedo.com\/reestructuracion-de-empresas-en-crisis-diploma-de-alta-especializacion\/"},"wordCount":207,"commentCount":0,"publisher":{"@id":"https:\/\/cabedo.com\/#organization"},"articleSection":["Sin categorizar"],"inLanguage":"ca","potentialAction":[{"@type":"CommentAction","name":"Comment","target":["https:\/\/cabedo.com\/reestructuracion-de-empresas-en-crisis-diploma-de-alta-especializacion\/#respond"]}]},{"@type":"WebPage","@id":"https:\/\/cabedo.com\/reestructuracion-de-empresas-en-crisis-diploma-de-alta-especializacion\/","url":"https:\/\/cabedo.com\/reestructuracion-de-empresas-en-crisis-diploma-de-alta-especializacion\/","name":"REESTRUCTURACI\u00d3N DE EMPRESAS EN CRISIS. Diploma de alta especializaci\u00f3n - Cabedo","isPartOf":{"@id":"https:\/\/cabedo.com\/#website"},"datePublished":"2022-07-06T14:35:29+00:00","dateModified":"2022-07-06T14:35:31+00:00","breadcrumb":{"@id":"https:\/\/cabedo.com\/reestructuracion-de-empresas-en-crisis-diploma-de-alta-especializacion\/#breadcrumb"},"inLanguage":"ca","potentialAction":[{"@type":"ReadAction","target":["https:\/\/cabedo.com\/reestructuracion-de-empresas-en-crisis-diploma-de-alta-especializacion\/"]}]},{"@type":"BreadcrumbList","@id":"https:\/\/cabedo.com\/reestructuracion-de-empresas-en-crisis-diploma-de-alta-especializacion\/#breadcrumb","itemListElement":[{"@type":"ListItem","position":1,"name":"Inicio","item":"https:\/\/cabedo.com\/ca\/"},{"@type":"ListItem","position":2,"name":"REESTRUCTURACI\u00d3N DE EMPRESAS EN CRISIS. Diploma de alta especializaci\u00f3n"}]},{"@type":"WebSite","@id":"https:\/\/cabedo.com\/#website","url":"https:\/\/cabedo.com\/","name":"Cabedo","description":"Abogados, economistas y auditores","publisher":{"@id":"https:\/\/cabedo.com\/#organization"},"potentialAction":[{"@type":"SearchAction","target":{"@type":"EntryPoint","urlTemplate":"https:\/\/cabedo.com\/?s={search_term_string}"},"query-input":{"@type":"PropertyValueSpecification","valueRequired":true,"valueName":"search_term_string"}}],"inLanguage":"ca"},{"@type":"Organization","@id":"https:\/\/cabedo.com\/#organization","name":"Cabedo Abogados y Economistas","url":"https:\/\/cabedo.com\/","logo":{"@type":"ImageObject","inLanguage":"ca","@id":"https:\/\/cabedo.com\/#\/schema\/logo\/image\/","url":"https:\/\/cabedo.com\/wp-content\/uploads\/2020\/02\/Cabdeo-icono_Mesa-de-trabajo-1.png","contentUrl":"https:\/\/cabedo.com\/wp-content\/uploads\/2020\/02\/Cabdeo-icono_Mesa-de-trabajo-1.png","width":40,"height":39,"caption":"Cabedo Abogados y Economistas"},"image":{"@id":"https:\/\/cabedo.com\/#\/schema\/logo\/image\/"}},{"@type":"Person","@id":"https:\/\/cabedo.com\/#\/schema\/person\/94da2d41bf7ff295c9a6f78d51ad06ab","name":"CabedoWP2019","image":{"@type":"ImageObject","inLanguage":"ca","@id":"https:\/\/cabedo.com\/#\/schema\/person\/image\/","url":"https:\/\/secure.gravatar.com\/avatar\/a9ae036110c97a582201cae457e2e49b34da2ddf76d9c86cd2b16edb1bbaf74f?s=96&d=mm&r=g","contentUrl":"https:\/\/secure.gravatar.com\/avatar\/a9ae036110c97a582201cae457e2e49b34da2ddf76d9c86cd2b16edb1bbaf74f?s=96&d=mm&r=g","caption":"CabedoWP2019"}}]}},"_links":{"self":[{"href":"https:\/\/cabedo.com\/ca\/wp-json\/wp\/v2\/posts\/5658801","targetHints":{"allow":["GET"]}}],"collection":[{"href":"https:\/\/cabedo.com\/ca\/wp-json\/wp\/v2\/posts"}],"about":[{"href":"https:\/\/cabedo.com\/ca\/wp-json\/wp\/v2\/types\/post"}],"author":[{"embeddable":true,"href":"https:\/\/cabedo.com\/ca\/wp-json\/wp\/v2\/users\/1"}],"replies":[{"embeddable":true,"href":"https:\/\/cabedo.com\/ca\/wp-json\/wp\/v2\/comments?post=5658801"}],"version-history":[{"count":2,"href":"https:\/\/cabedo.com\/ca\/wp-json\/wp\/v2\/posts\/5658801\/revisions"}],"predecessor-version":[{"id":5658803,"href":"https:\/\/cabedo.com\/ca\/wp-json\/wp\/v2\/posts\/5658801\/revisions\/5658803"}],"wp:attachment":[{"href":"https:\/\/cabedo.com\/ca\/wp-json\/wp\/v2\/media?parent=5658801"}],"wp:term":[{"taxonomy":"category","embeddable":true,"href":"https:\/\/cabedo.com\/ca\/wp-json\/wp\/v2\/categories?post=5658801"},{"taxonomy":"post_tag","embeddable":true,"href":"https:\/\/cabedo.com\/ca\/wp-json\/wp\/v2\/tags?post=5658801"}],"curies":[{"name":"wp","href":"https:\/\/api.w.org\/{rel}","templated":true}]}}