{"id":5659808,"date":"2026-04-02T09:46:13","date_gmt":"2026-04-02T07:46:13","guid":{"rendered":"https:\/\/cabedo.com\/?p=5659808"},"modified":"2026-04-02T11:14:54","modified_gmt":"2026-04-02T09:14:54","slug":"neix-la-comissio-intercol%c2%b7legial-de-cultura-de-la-mediacio-perpromoure-aquesta-via-de-resolucio-de-conflictes-a-traves-deldialeg-entre-els-professionals","status":"publish","type":"post","link":"https:\/\/cabedo.com\/ca\/neix-la-comissio-intercol%c2%b7legial-de-cultura-de-la-mediacio-perpromoure-aquesta-via-de-resolucio-de-conflictes-a-traves-deldialeg-entre-els-professionals\/","title":{"rendered":"Neix la Comissi\u00f3 Intercol\u00b7legial de Cultura de la Mediaci\u00f3 perpromoure aquesta via de resoluci\u00f3 de conflictes a trav\u00e9s deldi\u00e0leg entre els professionals"},"content":{"rendered":"\n<p>Barcelona, 24 de mar\u00e7 de 2026. L\u2019Associaci\u00f3 Intercol\u00b7legial de Col\u00b7legis professionals -que representa m\u00e9s de 100 corporacions professionals de Catalunya, amb m\u00e9s de 250.000 col\u00b7legiats i col\u00b7legiades de tots Els sectors professionals- ha acordat la creaci\u00f3 de la \u2018Comissi\u00f3 Intercol\u00b7legial de Cultura de la Mediaci\u00f3\u2019 amb l\u2019objectiu de promoure la resoluci\u00f3 pac\u00edfica de conflictes per a la prevenci\u00f3 de litigis i la millora de la gesti\u00f3 de controv\u00e8rsies en tots els \u00e0mbits (dret, educaci\u00f3, salut, educaci\u00f3 social, treball social, empresa, etc.) i entre tots els sectors professionals.<\/p>\n\n\n\n<p><br>Les finalitats d\u2019aquesta Comissi\u00f3 de La Intercol\u00b7legial s\u00f3n promoure i difondre la cultura de la mediaci\u00f3 entre els professionals dels diferents sectors, fomentar la formaci\u00f3 cont\u00ednua dels professionals en t\u00e8cniques de mediaci\u00f3 i resoluci\u00f3 de conflictes, coordinar accions conjuntes entre col\u00b7legis professionals per afavorir la implementaci\u00f3 i l\u2019\u00fas de la mediaci\u00f3 en diferents sectors i incidir en les pol\u00edtiques p\u00fabliques per conseguir un major reconeixement normatiu i institucional de la mediaci\u00f3 aix\u00ed com un major coneixement entre la ciutadania. Aquesta nova Comissi\u00f3 tamb\u00e9 facilitar\u00e0 la coordinaci\u00f3 d\u2019esfor\u00e7os mitjan\u00e7ant la posada en marxa d\u2019un espai de treball compartit interdisciplinar per a l\u2019intercanvi d\u2019experi\u00e8ncies, la unificaci\u00f3 de criteris i l\u2019establiment de bones pr\u00e0ctiques entre professionals de diferents disciplines.<br><\/p>\n\n\n\n<p>La Comissi\u00f3 estar\u00e0 oberta a la participaci\u00f3 de membres de totes les corporacions professionals associades i la seva presid\u00e8ncia ha estat assignada a l\u2019Il\u00b7lustre Col\u00b7legi de l\u2019Advocacia de Carles Garc\u00eda Roqueta.<br>El president de la Comissi\u00f3 Intercol\u00b7legial de Cultura de la Mediaci\u00f3, Carles Garc\u00eda Roqueta, considera que \u201cla col\u00b7laboraci\u00f3 transversal i interdisciplinar entre col\u00b7legis professionals pot afavorir un enfocament global i coherent de la mediaci\u00f3 i per aix\u00f2, una cultura basada en el di\u00e0leg, \u00e9s essencial per a la conviv\u00e8ncia democr\u00e0tica entre els professionals\u201d.<br><\/p>\n\n\n\n<p>* Qu\u00e8 \u00e9s l\u2019Associaci\u00f3 Intercol\u2219legial<br>L\u2019Associaci\u00f3 Intercol\u00b7legial, que representa m\u00e9s de 100 col\u00b7legis professionals amb m\u00e9s de 250.000 col\u00b7legiats\/des de tots els \u00e0mbits professionals, va n\u00e9ixer amb la voluntat de refor\u00e7ar la projecci\u00f3 social dels col\u00b7legis professionals, impulsar iniciatives d\u2019inter\u00e8s com\u00fa, actuar com a interlocutora amb les Administracions i estudiar q\u00fcestions que afecten el col\u00b7lectiu, independentment del sector al qual pertanyin. El 28 d\u2019abril de 2021 la Intercol\u00b7legial va complir 10 anys des de la seva constituci\u00f3 com a Associaci\u00f3.<br><\/p>\n\n\n\n<p>Per a m\u00e9s informaci\u00f3<br>Departament de comunicaci\u00f3 Intercol\u00b7legial<br>http:\/\/www.intercolegial.cat<\/p>\n\n\n\n<p><\/p>\n\n\n\n<figure class=\"wp-block-image size-full\"><img loading=\"lazy\" decoding=\"async\" width=\"964\" height=\"649\" src=\"https:\/\/cabedo.com\/wp-content\/uploads\/2026\/04\/image.png\" alt=\"\" class=\"wp-image-5659810\" srcset=\"https:\/\/cabedo.com\/wp-content\/uploads\/2026\/04\/image.png 964w, https:\/\/cabedo.com\/wp-content\/uploads\/2026\/04\/image-150x101.png 150w, https:\/\/cabedo.com\/wp-content\/uploads\/2026\/04\/image-768x517.png 768w\" sizes=\"auto, (max-width: 964px) 100vw, 964px\" \/><\/figure>\n\n\n\n<p><\/p>\n","protected":false},"excerpt":{"rendered":"<p>Barcelona, 24 de mar\u00e7 de 2026. L\u2019Associaci\u00f3 Intercol\u00b7legial de Col\u00b7legis professionals -que representa m\u00e9s&#8230;<\/p>\n","protected":false},"author":1,"featured_media":0,"comment_status":"open","ping_status":"open","sticky":false,"template":"","format":"standard","meta":{"footnotes":""},"categories":[1],"tags":[],"class_list":["post-5659808","post","type-post","status-publish","format-standard","hentry","category-sin-categorizar"],"yoast_head":"<!-- This site is optimized with the Yoast SEO plugin v25.2 - https:\/\/yoast.com\/wordpress\/plugins\/seo\/ -->\n<title>Neix la Comissi\u00f3 Intercol\u00b7legial de Cultura de la Mediaci\u00f3 perpromoure aquesta via de resoluci\u00f3 de conflictes a trav\u00e9s deldi\u00e0leg entre els professionals - Cabedo<\/title>\n<meta name=\"robots\" content=\"index, follow, max-snippet:-1, max-image-preview:large, max-video-preview:-1\" \/>\n<link rel=\"canonical\" href=\"https:\/\/cabedo.com\/neix-la-comissio-intercol\u00b7legial-de-cultura-de-la-mediacio-perpromoure-aquesta-via-de-resolucio-de-conflictes-a-traves-deldialeg-entre-els-professionals\/\" \/>\n<meta property=\"og:locale\" content=\"ca_ES\" \/>\n<meta property=\"og:type\" content=\"article\" \/>\n<meta property=\"og:title\" content=\"Neix la Comissi\u00f3 Intercol\u00b7legial de Cultura de la Mediaci\u00f3 perpromoure aquesta via de resoluci\u00f3 de conflictes a trav\u00e9s deldi\u00e0leg entre els professionals - Cabedo\" \/>\n<meta property=\"og:description\" content=\"Barcelona, 24 de mar\u00e7 de 2026. L\u2019Associaci\u00f3 Intercol\u00b7legial de Col\u00b7legis professionals -que representa m\u00e9s...\" \/>\n<meta property=\"og:url\" content=\"https:\/\/cabedo.com\/neix-la-comissio-intercol\u00b7legial-de-cultura-de-la-mediacio-perpromoure-aquesta-via-de-resolucio-de-conflictes-a-traves-deldialeg-entre-els-professionals\/\" \/>\n<meta property=\"og:site_name\" content=\"Cabedo\" \/>\n<meta property=\"article:published_time\" content=\"2026-04-02T07:46:13+00:00\" \/>\n<meta property=\"article:modified_time\" content=\"2026-04-02T09:14:54+00:00\" \/>\n<meta property=\"og:image\" content=\"https:\/\/cabedo.com\/wp-content\/uploads\/2026\/04\/image.png\" \/>\n\t<meta property=\"og:image:width\" content=\"964\" \/>\n\t<meta property=\"og:image:height\" content=\"649\" \/>\n\t<meta property=\"og:image:type\" content=\"image\/png\" \/>\n<meta name=\"author\" content=\"CabedoWP2019\" \/>\n<meta name=\"twitter:card\" content=\"summary_large_image\" \/>\n<meta name=\"twitter:label1\" content=\"Escrit per\" \/>\n\t<meta name=\"twitter:data1\" content=\"CabedoWP2019\" \/>\n\t<meta name=\"twitter:label2\" content=\"Temps estimat de lectura\" \/>\n\t<meta name=\"twitter:data2\" content=\"2 minuts\" \/>\n<script type=\"application\/ld+json\" class=\"yoast-schema-graph\">{\"@context\":\"https:\/\/schema.org\",\"@graph\":[{\"@type\":\"Article\",\"@id\":\"https:\/\/cabedo.com\/neix-la-comissio-intercol%c2%b7legial-de-cultura-de-la-mediacio-perpromoure-aquesta-via-de-resolucio-de-conflictes-a-traves-deldialeg-entre-els-professionals\/#article\",\"isPartOf\":{\"@id\":\"https:\/\/cabedo.com\/neix-la-comissio-intercol%c2%b7legial-de-cultura-de-la-mediacio-perpromoure-aquesta-via-de-resolucio-de-conflictes-a-traves-deldialeg-entre-els-professionals\/\"},\"author\":{\"name\":\"CabedoWP2019\",\"@id\":\"https:\/\/cabedo.com\/#\/schema\/person\/94da2d41bf7ff295c9a6f78d51ad06ab\"},\"headline\":\"Neix la Comissi\u00f3 Intercol\u00b7legial de Cultura de la Mediaci\u00f3 perpromoure aquesta via de resoluci\u00f3 de conflictes a trav\u00e9s deldi\u00e0leg entre els professionals\",\"datePublished\":\"2026-04-02T07:46:13+00:00\",\"dateModified\":\"2026-04-02T09:14:54+00:00\",\"mainEntityOfPage\":{\"@id\":\"https:\/\/cabedo.com\/neix-la-comissio-intercol%c2%b7legial-de-cultura-de-la-mediacio-perpromoure-aquesta-via-de-resolucio-de-conflictes-a-traves-deldialeg-entre-els-professionals\/\"},\"wordCount\":454,\"commentCount\":0,\"publisher\":{\"@id\":\"https:\/\/cabedo.com\/#organization\"},\"image\":{\"@id\":\"https:\/\/cabedo.com\/neix-la-comissio-intercol%c2%b7legial-de-cultura-de-la-mediacio-perpromoure-aquesta-via-de-resolucio-de-conflictes-a-traves-deldialeg-entre-els-professionals\/#primaryimage\"},\"thumbnailUrl\":\"https:\/\/cabedo.com\/wp-content\/uploads\/2026\/04\/image.png\",\"articleSection\":[\"Sin categorizar\"],\"inLanguage\":\"ca\",\"potentialAction\":[{\"@type\":\"CommentAction\",\"name\":\"Comment\",\"target\":[\"https:\/\/cabedo.com\/neix-la-comissio-intercol%c2%b7legial-de-cultura-de-la-mediacio-perpromoure-aquesta-via-de-resolucio-de-conflictes-a-traves-deldialeg-entre-els-professionals\/#respond\"]}]},{\"@type\":\"WebPage\",\"@id\":\"https:\/\/cabedo.com\/neix-la-comissio-intercol%c2%b7legial-de-cultura-de-la-mediacio-perpromoure-aquesta-via-de-resolucio-de-conflictes-a-traves-deldialeg-entre-els-professionals\/\",\"url\":\"https:\/\/cabedo.com\/neix-la-comissio-intercol%c2%b7legial-de-cultura-de-la-mediacio-perpromoure-aquesta-via-de-resolucio-de-conflictes-a-traves-deldialeg-entre-els-professionals\/\",\"name\":\"Neix la Comissi\u00f3 Intercol\u00b7legial de Cultura de la Mediaci\u00f3 perpromoure aquesta via de resoluci\u00f3 de conflictes a trav\u00e9s deldi\u00e0leg entre els professionals - Cabedo\",\"isPartOf\":{\"@id\":\"https:\/\/cabedo.com\/#website\"},\"primaryImageOfPage\":{\"@id\":\"https:\/\/cabedo.com\/neix-la-comissio-intercol%c2%b7legial-de-cultura-de-la-mediacio-perpromoure-aquesta-via-de-resolucio-de-conflictes-a-traves-deldialeg-entre-els-professionals\/#primaryimage\"},\"image\":{\"@id\":\"https:\/\/cabedo.com\/neix-la-comissio-intercol%c2%b7legial-de-cultura-de-la-mediacio-perpromoure-aquesta-via-de-resolucio-de-conflictes-a-traves-deldialeg-entre-els-professionals\/#primaryimage\"},\"thumbnailUrl\":\"https:\/\/cabedo.com\/wp-content\/uploads\/2026\/04\/image.png\",\"datePublished\":\"2026-04-02T07:46:13+00:00\",\"dateModified\":\"2026-04-02T09:14:54+00:00\",\"breadcrumb\":{\"@id\":\"https:\/\/cabedo.com\/neix-la-comissio-intercol%c2%b7legial-de-cultura-de-la-mediacio-perpromoure-aquesta-via-de-resolucio-de-conflictes-a-traves-deldialeg-entre-els-professionals\/#breadcrumb\"},\"inLanguage\":\"ca\",\"potentialAction\":[{\"@type\":\"ReadAction\",\"target\":[\"https:\/\/cabedo.com\/neix-la-comissio-intercol%c2%b7legial-de-cultura-de-la-mediacio-perpromoure-aquesta-via-de-resolucio-de-conflictes-a-traves-deldialeg-entre-els-professionals\/\"]}]},{\"@type\":\"ImageObject\",\"inLanguage\":\"ca\",\"@id\":\"https:\/\/cabedo.com\/neix-la-comissio-intercol%c2%b7legial-de-cultura-de-la-mediacio-perpromoure-aquesta-via-de-resolucio-de-conflictes-a-traves-deldialeg-entre-els-professionals\/#primaryimage\",\"url\":\"https:\/\/cabedo.com\/wp-content\/uploads\/2026\/04\/image.png\",\"contentUrl\":\"https:\/\/cabedo.com\/wp-content\/uploads\/2026\/04\/image.png\"},{\"@type\":\"BreadcrumbList\",\"@id\":\"https:\/\/cabedo.com\/neix-la-comissio-intercol%c2%b7legial-de-cultura-de-la-mediacio-perpromoure-aquesta-via-de-resolucio-de-conflictes-a-traves-deldialeg-entre-els-professionals\/#breadcrumb\",\"itemListElement\":[{\"@type\":\"ListItem\",\"position\":1,\"name\":\"Inicio\",\"item\":\"https:\/\/cabedo.com\/ca\/\"},{\"@type\":\"ListItem\",\"position\":2,\"name\":\"Neix la Comissi\u00f3 Intercol\u00b7legial de Cultura de la Mediaci\u00f3 perpromoure aquesta via de resoluci\u00f3 de conflictes a trav\u00e9s deldi\u00e0leg entre els professionals\"}]},{\"@type\":\"WebSite\",\"@id\":\"https:\/\/cabedo.com\/#website\",\"url\":\"https:\/\/cabedo.com\/\",\"name\":\"Cabedo\",\"description\":\"Abogados, economistas y auditores\",\"publisher\":{\"@id\":\"https:\/\/cabedo.com\/#organization\"},\"potentialAction\":[{\"@type\":\"SearchAction\",\"target\":{\"@type\":\"EntryPoint\",\"urlTemplate\":\"https:\/\/cabedo.com\/?s={search_term_string}\"},\"query-input\":{\"@type\":\"PropertyValueSpecification\",\"valueRequired\":true,\"valueName\":\"search_term_string\"}}],\"inLanguage\":\"ca\"},{\"@type\":\"Organization\",\"@id\":\"https:\/\/cabedo.com\/#organization\",\"name\":\"Cabedo Abogados y Economistas\",\"url\":\"https:\/\/cabedo.com\/\",\"logo\":{\"@type\":\"ImageObject\",\"inLanguage\":\"ca\",\"@id\":\"https:\/\/cabedo.com\/#\/schema\/logo\/image\/\",\"url\":\"https:\/\/cabedo.com\/wp-content\/uploads\/2020\/02\/Cabdeo-icono_Mesa-de-trabajo-1.png\",\"contentUrl\":\"https:\/\/cabedo.com\/wp-content\/uploads\/2020\/02\/Cabdeo-icono_Mesa-de-trabajo-1.png\",\"width\":40,\"height\":39,\"caption\":\"Cabedo Abogados y Economistas\"},\"image\":{\"@id\":\"https:\/\/cabedo.com\/#\/schema\/logo\/image\/\"}},{\"@type\":\"Person\",\"@id\":\"https:\/\/cabedo.com\/#\/schema\/person\/94da2d41bf7ff295c9a6f78d51ad06ab\",\"name\":\"CabedoWP2019\",\"image\":{\"@type\":\"ImageObject\",\"inLanguage\":\"ca\",\"@id\":\"https:\/\/cabedo.com\/#\/schema\/person\/image\/\",\"url\":\"https:\/\/secure.gravatar.com\/avatar\/a9ae036110c97a582201cae457e2e49b34da2ddf76d9c86cd2b16edb1bbaf74f?s=96&d=mm&r=g\",\"contentUrl\":\"https:\/\/secure.gravatar.com\/avatar\/a9ae036110c97a582201cae457e2e49b34da2ddf76d9c86cd2b16edb1bbaf74f?s=96&d=mm&r=g\",\"caption\":\"CabedoWP2019\"}}]}<\/script>\n<!-- \/ Yoast SEO plugin. -->","yoast_head_json":{"title":"Neix la Comissi\u00f3 Intercol\u00b7legial de Cultura de la Mediaci\u00f3 perpromoure aquesta via de resoluci\u00f3 de conflictes a trav\u00e9s deldi\u00e0leg entre els professionals - Cabedo","robots":{"index":"index","follow":"follow","max-snippet":"max-snippet:-1","max-image-preview":"max-image-preview:large","max-video-preview":"max-video-preview:-1"},"canonical":"https:\/\/cabedo.com\/neix-la-comissio-intercol\u00b7legial-de-cultura-de-la-mediacio-perpromoure-aquesta-via-de-resolucio-de-conflictes-a-traves-deldialeg-entre-els-professionals\/","og_locale":"ca_ES","og_type":"article","og_title":"Neix la Comissi\u00f3 Intercol\u00b7legial de Cultura de la Mediaci\u00f3 perpromoure aquesta via de resoluci\u00f3 de conflictes a trav\u00e9s deldi\u00e0leg entre els professionals - Cabedo","og_description":"Barcelona, 24 de mar\u00e7 de 2026. L\u2019Associaci\u00f3 Intercol\u00b7legial de Col\u00b7legis professionals -que representa m\u00e9s...","og_url":"https:\/\/cabedo.com\/neix-la-comissio-intercol\u00b7legial-de-cultura-de-la-mediacio-perpromoure-aquesta-via-de-resolucio-de-conflictes-a-traves-deldialeg-entre-els-professionals\/","og_site_name":"Cabedo","article_published_time":"2026-04-02T07:46:13+00:00","article_modified_time":"2026-04-02T09:14:54+00:00","og_image":[{"width":964,"height":649,"url":"https:\/\/cabedo.com\/wp-content\/uploads\/2026\/04\/image.png","type":"image\/png"}],"author":"CabedoWP2019","twitter_card":"summary_large_image","twitter_misc":{"Escrit per":"CabedoWP2019","Temps estimat de lectura":"2 minuts"},"schema":{"@context":"https:\/\/schema.org","@graph":[{"@type":"Article","@id":"https:\/\/cabedo.com\/neix-la-comissio-intercol%c2%b7legial-de-cultura-de-la-mediacio-perpromoure-aquesta-via-de-resolucio-de-conflictes-a-traves-deldialeg-entre-els-professionals\/#article","isPartOf":{"@id":"https:\/\/cabedo.com\/neix-la-comissio-intercol%c2%b7legial-de-cultura-de-la-mediacio-perpromoure-aquesta-via-de-resolucio-de-conflictes-a-traves-deldialeg-entre-els-professionals\/"},"author":{"name":"CabedoWP2019","@id":"https:\/\/cabedo.com\/#\/schema\/person\/94da2d41bf7ff295c9a6f78d51ad06ab"},"headline":"Neix la Comissi\u00f3 Intercol\u00b7legial de Cultura de la Mediaci\u00f3 perpromoure aquesta via de resoluci\u00f3 de conflictes a trav\u00e9s deldi\u00e0leg entre els professionals","datePublished":"2026-04-02T07:46:13+00:00","dateModified":"2026-04-02T09:14:54+00:00","mainEntityOfPage":{"@id":"https:\/\/cabedo.com\/neix-la-comissio-intercol%c2%b7legial-de-cultura-de-la-mediacio-perpromoure-aquesta-via-de-resolucio-de-conflictes-a-traves-deldialeg-entre-els-professionals\/"},"wordCount":454,"commentCount":0,"publisher":{"@id":"https:\/\/cabedo.com\/#organization"},"image":{"@id":"https:\/\/cabedo.com\/neix-la-comissio-intercol%c2%b7legial-de-cultura-de-la-mediacio-perpromoure-aquesta-via-de-resolucio-de-conflictes-a-traves-deldialeg-entre-els-professionals\/#primaryimage"},"thumbnailUrl":"https:\/\/cabedo.com\/wp-content\/uploads\/2026\/04\/image.png","articleSection":["Sin categorizar"],"inLanguage":"ca","potentialAction":[{"@type":"CommentAction","name":"Comment","target":["https:\/\/cabedo.com\/neix-la-comissio-intercol%c2%b7legial-de-cultura-de-la-mediacio-perpromoure-aquesta-via-de-resolucio-de-conflictes-a-traves-deldialeg-entre-els-professionals\/#respond"]}]},{"@type":"WebPage","@id":"https:\/\/cabedo.com\/neix-la-comissio-intercol%c2%b7legial-de-cultura-de-la-mediacio-perpromoure-aquesta-via-de-resolucio-de-conflictes-a-traves-deldialeg-entre-els-professionals\/","url":"https:\/\/cabedo.com\/neix-la-comissio-intercol%c2%b7legial-de-cultura-de-la-mediacio-perpromoure-aquesta-via-de-resolucio-de-conflictes-a-traves-deldialeg-entre-els-professionals\/","name":"Neix la Comissi\u00f3 Intercol\u00b7legial de Cultura de la Mediaci\u00f3 perpromoure aquesta via de resoluci\u00f3 de conflictes a trav\u00e9s deldi\u00e0leg entre els professionals - Cabedo","isPartOf":{"@id":"https:\/\/cabedo.com\/#website"},"primaryImageOfPage":{"@id":"https:\/\/cabedo.com\/neix-la-comissio-intercol%c2%b7legial-de-cultura-de-la-mediacio-perpromoure-aquesta-via-de-resolucio-de-conflictes-a-traves-deldialeg-entre-els-professionals\/#primaryimage"},"image":{"@id":"https:\/\/cabedo.com\/neix-la-comissio-intercol%c2%b7legial-de-cultura-de-la-mediacio-perpromoure-aquesta-via-de-resolucio-de-conflictes-a-traves-deldialeg-entre-els-professionals\/#primaryimage"},"thumbnailUrl":"https:\/\/cabedo.com\/wp-content\/uploads\/2026\/04\/image.png","datePublished":"2026-04-02T07:46:13+00:00","dateModified":"2026-04-02T09:14:54+00:00","breadcrumb":{"@id":"https:\/\/cabedo.com\/neix-la-comissio-intercol%c2%b7legial-de-cultura-de-la-mediacio-perpromoure-aquesta-via-de-resolucio-de-conflictes-a-traves-deldialeg-entre-els-professionals\/#breadcrumb"},"inLanguage":"ca","potentialAction":[{"@type":"ReadAction","target":["https:\/\/cabedo.com\/neix-la-comissio-intercol%c2%b7legial-de-cultura-de-la-mediacio-perpromoure-aquesta-via-de-resolucio-de-conflictes-a-traves-deldialeg-entre-els-professionals\/"]}]},{"@type":"ImageObject","inLanguage":"ca","@id":"https:\/\/cabedo.com\/neix-la-comissio-intercol%c2%b7legial-de-cultura-de-la-mediacio-perpromoure-aquesta-via-de-resolucio-de-conflictes-a-traves-deldialeg-entre-els-professionals\/#primaryimage","url":"https:\/\/cabedo.com\/wp-content\/uploads\/2026\/04\/image.png","contentUrl":"https:\/\/cabedo.com\/wp-content\/uploads\/2026\/04\/image.png"},{"@type":"BreadcrumbList","@id":"https:\/\/cabedo.com\/neix-la-comissio-intercol%c2%b7legial-de-cultura-de-la-mediacio-perpromoure-aquesta-via-de-resolucio-de-conflictes-a-traves-deldialeg-entre-els-professionals\/#breadcrumb","itemListElement":[{"@type":"ListItem","position":1,"name":"Inicio","item":"https:\/\/cabedo.com\/ca\/"},{"@type":"ListItem","position":2,"name":"Neix la Comissi\u00f3 Intercol\u00b7legial de Cultura de la Mediaci\u00f3 perpromoure aquesta via de resoluci\u00f3 de conflictes a trav\u00e9s deldi\u00e0leg entre els professionals"}]},{"@type":"WebSite","@id":"https:\/\/cabedo.com\/#website","url":"https:\/\/cabedo.com\/","name":"Cabedo","description":"Abogados, economistas y auditores","publisher":{"@id":"https:\/\/cabedo.com\/#organization"},"potentialAction":[{"@type":"SearchAction","target":{"@type":"EntryPoint","urlTemplate":"https:\/\/cabedo.com\/?s={search_term_string}"},"query-input":{"@type":"PropertyValueSpecification","valueRequired":true,"valueName":"search_term_string"}}],"inLanguage":"ca"},{"@type":"Organization","@id":"https:\/\/cabedo.com\/#organization","name":"Cabedo Abogados y Economistas","url":"https:\/\/cabedo.com\/","logo":{"@type":"ImageObject","inLanguage":"ca","@id":"https:\/\/cabedo.com\/#\/schema\/logo\/image\/","url":"https:\/\/cabedo.com\/wp-content\/uploads\/2020\/02\/Cabdeo-icono_Mesa-de-trabajo-1.png","contentUrl":"https:\/\/cabedo.com\/wp-content\/uploads\/2020\/02\/Cabdeo-icono_Mesa-de-trabajo-1.png","width":40,"height":39,"caption":"Cabedo Abogados y Economistas"},"image":{"@id":"https:\/\/cabedo.com\/#\/schema\/logo\/image\/"}},{"@type":"Person","@id":"https:\/\/cabedo.com\/#\/schema\/person\/94da2d41bf7ff295c9a6f78d51ad06ab","name":"CabedoWP2019","image":{"@type":"ImageObject","inLanguage":"ca","@id":"https:\/\/cabedo.com\/#\/schema\/person\/image\/","url":"https:\/\/secure.gravatar.com\/avatar\/a9ae036110c97a582201cae457e2e49b34da2ddf76d9c86cd2b16edb1bbaf74f?s=96&d=mm&r=g","contentUrl":"https:\/\/secure.gravatar.com\/avatar\/a9ae036110c97a582201cae457e2e49b34da2ddf76d9c86cd2b16edb1bbaf74f?s=96&d=mm&r=g","caption":"CabedoWP2019"}}]}},"_links":{"self":[{"href":"https:\/\/cabedo.com\/ca\/wp-json\/wp\/v2\/posts\/5659808","targetHints":{"allow":["GET"]}}],"collection":[{"href":"https:\/\/cabedo.com\/ca\/wp-json\/wp\/v2\/posts"}],"about":[{"href":"https:\/\/cabedo.com\/ca\/wp-json\/wp\/v2\/types\/post"}],"author":[{"embeddable":true,"href":"https:\/\/cabedo.com\/ca\/wp-json\/wp\/v2\/users\/1"}],"replies":[{"embeddable":true,"href":"https:\/\/cabedo.com\/ca\/wp-json\/wp\/v2\/comments?post=5659808"}],"version-history":[{"count":2,"href":"https:\/\/cabedo.com\/ca\/wp-json\/wp\/v2\/posts\/5659808\/revisions"}],"predecessor-version":[{"id":5659814,"href":"https:\/\/cabedo.com\/ca\/wp-json\/wp\/v2\/posts\/5659808\/revisions\/5659814"}],"wp:attachment":[{"href":"https:\/\/cabedo.com\/ca\/wp-json\/wp\/v2\/media?parent=5659808"}],"wp:term":[{"taxonomy":"category","embeddable":true,"href":"https:\/\/cabedo.com\/ca\/wp-json\/wp\/v2\/categories?post=5659808"},{"taxonomy":"post_tag","embeddable":true,"href":"https:\/\/cabedo.com\/ca\/wp-json\/wp\/v2\/tags?post=5659808"}],"curies":[{"name":"wp","href":"https:\/\/api.w.org\/{rel}","templated":true}]}}