{"id":5657676,"date":"2020-06-25T10:10:23","date_gmt":"2020-06-25T08:10:23","guid":{"rendered":"http:\/\/cabedo.com\/?p=5657676"},"modified":"2020-06-25T10:13:05","modified_gmt":"2020-06-25T08:13:05","slug":"webinar-los-acuerdos-de-refinanciacion","status":"publish","type":"post","link":"https:\/\/cabedo.com\/en\/webinar-los-acuerdos-de-refinanciacion\/","title":{"rendered":"(WEBINAR) Los acuerdos de refinanciaci\u00f3n"},"content":{"rendered":"<div class=\"wpb-content-wrapper\">[vc_row][vc_column][vc_column_text]El martes 23 de junio de 2020 de 17:15 a 18:30 horas Rodrigo Cabedo modera la ponencia de D. Roberto Ni\u00f1o Est\u00e9banez, Magistrado-Juez del Juzgado Mercantil n\u00ba8 de Barcelona sobre <em>Los acuerdos de refinanciaci\u00f3n.<\/em><\/p>\n<p>Esta ponencia se inscribe dentro del Webinar: <em>La comunicaci\u00f3n de apertura de negociaciones y el acuerdo extrajudicial de pagos<\/em>, cuya ponencia de apertura ir\u00e1 a cargo de D. Eduardo G\u00f3mez L\u00f3pez, Magistrado-Juez del Juzgado Mercantil de Sevilla n\u00ba1.<\/p>\n<p>Para m\u00e1s informaci\u00f3n: https:\/\/economistas.es\/events\/webinar-la-comunicacion-de-apertura-de-negociaciones-y-el-acuerdo-extrajudicial-de-pagos-los-acuerdos-de-refinanciacion\/[\/vc_column_text][\/vc_column][\/vc_row]\n<\/div>","protected":false},"excerpt":{"rendered":"<p>[vc_row][vc_column][vc_column_text]El martes 23 de junio de 2020 de 17:15 a 18:30 horas Rodrigo Cabedo&#8230;<\/p>\n","protected":false},"author":1,"featured_media":0,"comment_status":"open","ping_status":"open","sticky":false,"template":"","format":"standard","meta":{"footnotes":""},"categories":[1],"tags":[],"class_list":["post-5657676","post","type-post","status-publish","format-standard","hentry","category-sin-categorizar"],"yoast_head":"<!-- This site is optimized with the Yoast SEO plugin v25.2 - https:\/\/yoast.com\/wordpress\/plugins\/seo\/ -->\n<title>(WEBINAR) Los acuerdos de refinanciaci\u00f3n - Cabedo<\/title>\n<meta name=\"robots\" content=\"index, follow, max-snippet:-1, max-image-preview:large, max-video-preview:-1\" \/>\n<link rel=\"canonical\" href=\"https:\/\/cabedo.com\/webinar-los-acuerdos-de-refinanciacion\/\" \/>\n<meta property=\"og:locale\" content=\"en_US\" \/>\n<meta property=\"og:type\" content=\"article\" \/>\n<meta property=\"og:title\" content=\"(WEBINAR) Los acuerdos de refinanciaci\u00f3n - Cabedo\" \/>\n<meta property=\"og:description\" content=\"[vc_row][vc_column][vc_column_text]El martes 23 de junio de 2020 de 17:15 a 18:30 horas Rodrigo Cabedo...\" \/>\n<meta property=\"og:url\" content=\"https:\/\/cabedo.com\/webinar-los-acuerdos-de-refinanciacion\/\" \/>\n<meta property=\"og:site_name\" content=\"Cabedo\" \/>\n<meta property=\"article:published_time\" content=\"2020-06-25T08:10:23+00:00\" \/>\n<meta property=\"article:modified_time\" content=\"2020-06-25T08:13:05+00:00\" \/>\n<meta name=\"author\" content=\"CabedoWP2019\" \/>\n<meta name=\"twitter:card\" content=\"summary_large_image\" \/>\n<meta name=\"twitter:label1\" content=\"Written by\" \/>\n\t<meta name=\"twitter:data1\" content=\"CabedoWP2019\" \/>\n<script type=\"application\/ld+json\" class=\"yoast-schema-graph\">{\"@context\":\"https:\/\/schema.org\",\"@graph\":[{\"@type\":\"Article\",\"@id\":\"https:\/\/cabedo.com\/webinar-los-acuerdos-de-refinanciacion\/#article\",\"isPartOf\":{\"@id\":\"https:\/\/cabedo.com\/webinar-los-acuerdos-de-refinanciacion\/\"},\"author\":{\"name\":\"CabedoWP2019\",\"@id\":\"https:\/\/cabedo.com\/#\/schema\/person\/94da2d41bf7ff295c9a6f78d51ad06ab\"},\"headline\":\"(WEBINAR) Los acuerdos de refinanciaci\u00f3n\",\"datePublished\":\"2020-06-25T08:10:23+00:00\",\"dateModified\":\"2020-06-25T08:13:05+00:00\",\"mainEntityOfPage\":{\"@id\":\"https:\/\/cabedo.com\/webinar-los-acuerdos-de-refinanciacion\/\"},\"wordCount\":104,\"commentCount\":0,\"publisher\":{\"@id\":\"https:\/\/cabedo.com\/#organization\"},\"articleSection\":[\"Sin categorizar\"],\"inLanguage\":\"en-US\",\"potentialAction\":[{\"@type\":\"CommentAction\",\"name\":\"Comment\",\"target\":[\"https:\/\/cabedo.com\/webinar-los-acuerdos-de-refinanciacion\/#respond\"]}]},{\"@type\":\"WebPage\",\"@id\":\"https:\/\/cabedo.com\/webinar-los-acuerdos-de-refinanciacion\/\",\"url\":\"https:\/\/cabedo.com\/webinar-los-acuerdos-de-refinanciacion\/\",\"name\":\"(WEBINAR) Los acuerdos de refinanciaci\u00f3n - Cabedo\",\"isPartOf\":{\"@id\":\"https:\/\/cabedo.com\/#website\"},\"datePublished\":\"2020-06-25T08:10:23+00:00\",\"dateModified\":\"2020-06-25T08:13:05+00:00\",\"breadcrumb\":{\"@id\":\"https:\/\/cabedo.com\/webinar-los-acuerdos-de-refinanciacion\/#breadcrumb\"},\"inLanguage\":\"en-US\",\"potentialAction\":[{\"@type\":\"ReadAction\",\"target\":[\"https:\/\/cabedo.com\/webinar-los-acuerdos-de-refinanciacion\/\"]}]},{\"@type\":\"BreadcrumbList\",\"@id\":\"https:\/\/cabedo.com\/webinar-los-acuerdos-de-refinanciacion\/#breadcrumb\",\"itemListElement\":[{\"@type\":\"ListItem\",\"position\":1,\"name\":\"Inicio\",\"item\":\"https:\/\/cabedo.com\/en\/\"},{\"@type\":\"ListItem\",\"position\":2,\"name\":\"(WEBINAR) Los acuerdos de refinanciaci\u00f3n\"}]},{\"@type\":\"WebSite\",\"@id\":\"https:\/\/cabedo.com\/#website\",\"url\":\"https:\/\/cabedo.com\/\",\"name\":\"Cabedo\",\"description\":\"Abogados, economistas y auditores\",\"publisher\":{\"@id\":\"https:\/\/cabedo.com\/#organization\"},\"potentialAction\":[{\"@type\":\"SearchAction\",\"target\":{\"@type\":\"EntryPoint\",\"urlTemplate\":\"https:\/\/cabedo.com\/?s={search_term_string}\"},\"query-input\":{\"@type\":\"PropertyValueSpecification\",\"valueRequired\":true,\"valueName\":\"search_term_string\"}}],\"inLanguage\":\"en-US\"},{\"@type\":\"Organization\",\"@id\":\"https:\/\/cabedo.com\/#organization\",\"name\":\"Cabedo Abogados y Economistas\",\"url\":\"https:\/\/cabedo.com\/\",\"logo\":{\"@type\":\"ImageObject\",\"inLanguage\":\"en-US\",\"@id\":\"https:\/\/cabedo.com\/#\/schema\/logo\/image\/\",\"url\":\"https:\/\/cabedo.com\/wp-content\/uploads\/2020\/02\/Cabdeo-icono_Mesa-de-trabajo-1.png\",\"contentUrl\":\"https:\/\/cabedo.com\/wp-content\/uploads\/2020\/02\/Cabdeo-icono_Mesa-de-trabajo-1.png\",\"width\":40,\"height\":39,\"caption\":\"Cabedo Abogados y Economistas\"},\"image\":{\"@id\":\"https:\/\/cabedo.com\/#\/schema\/logo\/image\/\"}},{\"@type\":\"Person\",\"@id\":\"https:\/\/cabedo.com\/#\/schema\/person\/94da2d41bf7ff295c9a6f78d51ad06ab\",\"name\":\"CabedoWP2019\",\"image\":{\"@type\":\"ImageObject\",\"inLanguage\":\"en-US\",\"@id\":\"https:\/\/cabedo.com\/#\/schema\/person\/image\/\",\"url\":\"https:\/\/secure.gravatar.com\/avatar\/a9ae036110c97a582201cae457e2e49b34da2ddf76d9c86cd2b16edb1bbaf74f?s=96&d=mm&r=g\",\"contentUrl\":\"https:\/\/secure.gravatar.com\/avatar\/a9ae036110c97a582201cae457e2e49b34da2ddf76d9c86cd2b16edb1bbaf74f?s=96&d=mm&r=g\",\"caption\":\"CabedoWP2019\"}}]}<\/script>\n<!-- \/ Yoast SEO plugin. -->","yoast_head_json":{"title":"(WEBINAR) Los acuerdos de refinanciaci\u00f3n - Cabedo","robots":{"index":"index","follow":"follow","max-snippet":"max-snippet:-1","max-image-preview":"max-image-preview:large","max-video-preview":"max-video-preview:-1"},"canonical":"https:\/\/cabedo.com\/webinar-los-acuerdos-de-refinanciacion\/","og_locale":"en_US","og_type":"article","og_title":"(WEBINAR) Los acuerdos de refinanciaci\u00f3n - Cabedo","og_description":"[vc_row][vc_column][vc_column_text]El martes 23 de junio de 2020 de 17:15 a 18:30 horas Rodrigo Cabedo...","og_url":"https:\/\/cabedo.com\/webinar-los-acuerdos-de-refinanciacion\/","og_site_name":"Cabedo","article_published_time":"2020-06-25T08:10:23+00:00","article_modified_time":"2020-06-25T08:13:05+00:00","author":"CabedoWP2019","twitter_card":"summary_large_image","twitter_misc":{"Written by":"CabedoWP2019"},"schema":{"@context":"https:\/\/schema.org","@graph":[{"@type":"Article","@id":"https:\/\/cabedo.com\/webinar-los-acuerdos-de-refinanciacion\/#article","isPartOf":{"@id":"https:\/\/cabedo.com\/webinar-los-acuerdos-de-refinanciacion\/"},"author":{"name":"CabedoWP2019","@id":"https:\/\/cabedo.com\/#\/schema\/person\/94da2d41bf7ff295c9a6f78d51ad06ab"},"headline":"(WEBINAR) Los acuerdos de refinanciaci\u00f3n","datePublished":"2020-06-25T08:10:23+00:00","dateModified":"2020-06-25T08:13:05+00:00","mainEntityOfPage":{"@id":"https:\/\/cabedo.com\/webinar-los-acuerdos-de-refinanciacion\/"},"wordCount":104,"commentCount":0,"publisher":{"@id":"https:\/\/cabedo.com\/#organization"},"articleSection":["Sin categorizar"],"inLanguage":"en-US","potentialAction":[{"@type":"CommentAction","name":"Comment","target":["https:\/\/cabedo.com\/webinar-los-acuerdos-de-refinanciacion\/#respond"]}]},{"@type":"WebPage","@id":"https:\/\/cabedo.com\/webinar-los-acuerdos-de-refinanciacion\/","url":"https:\/\/cabedo.com\/webinar-los-acuerdos-de-refinanciacion\/","name":"(WEBINAR) Los acuerdos de refinanciaci\u00f3n - Cabedo","isPartOf":{"@id":"https:\/\/cabedo.com\/#website"},"datePublished":"2020-06-25T08:10:23+00:00","dateModified":"2020-06-25T08:13:05+00:00","breadcrumb":{"@id":"https:\/\/cabedo.com\/webinar-los-acuerdos-de-refinanciacion\/#breadcrumb"},"inLanguage":"en-US","potentialAction":[{"@type":"ReadAction","target":["https:\/\/cabedo.com\/webinar-los-acuerdos-de-refinanciacion\/"]}]},{"@type":"BreadcrumbList","@id":"https:\/\/cabedo.com\/webinar-los-acuerdos-de-refinanciacion\/#breadcrumb","itemListElement":[{"@type":"ListItem","position":1,"name":"Inicio","item":"https:\/\/cabedo.com\/en\/"},{"@type":"ListItem","position":2,"name":"(WEBINAR) Los acuerdos de refinanciaci\u00f3n"}]},{"@type":"WebSite","@id":"https:\/\/cabedo.com\/#website","url":"https:\/\/cabedo.com\/","name":"Cabedo","description":"Abogados, economistas y auditores","publisher":{"@id":"https:\/\/cabedo.com\/#organization"},"potentialAction":[{"@type":"SearchAction","target":{"@type":"EntryPoint","urlTemplate":"https:\/\/cabedo.com\/?s={search_term_string}"},"query-input":{"@type":"PropertyValueSpecification","valueRequired":true,"valueName":"search_term_string"}}],"inLanguage":"en-US"},{"@type":"Organization","@id":"https:\/\/cabedo.com\/#organization","name":"Cabedo Abogados y Economistas","url":"https:\/\/cabedo.com\/","logo":{"@type":"ImageObject","inLanguage":"en-US","@id":"https:\/\/cabedo.com\/#\/schema\/logo\/image\/","url":"https:\/\/cabedo.com\/wp-content\/uploads\/2020\/02\/Cabdeo-icono_Mesa-de-trabajo-1.png","contentUrl":"https:\/\/cabedo.com\/wp-content\/uploads\/2020\/02\/Cabdeo-icono_Mesa-de-trabajo-1.png","width":40,"height":39,"caption":"Cabedo Abogados y Economistas"},"image":{"@id":"https:\/\/cabedo.com\/#\/schema\/logo\/image\/"}},{"@type":"Person","@id":"https:\/\/cabedo.com\/#\/schema\/person\/94da2d41bf7ff295c9a6f78d51ad06ab","name":"CabedoWP2019","image":{"@type":"ImageObject","inLanguage":"en-US","@id":"https:\/\/cabedo.com\/#\/schema\/person\/image\/","url":"https:\/\/secure.gravatar.com\/avatar\/a9ae036110c97a582201cae457e2e49b34da2ddf76d9c86cd2b16edb1bbaf74f?s=96&d=mm&r=g","contentUrl":"https:\/\/secure.gravatar.com\/avatar\/a9ae036110c97a582201cae457e2e49b34da2ddf76d9c86cd2b16edb1bbaf74f?s=96&d=mm&r=g","caption":"CabedoWP2019"}}]}},"_links":{"self":[{"href":"https:\/\/cabedo.com\/en\/wp-json\/wp\/v2\/posts\/5657676","targetHints":{"allow":["GET"]}}],"collection":[{"href":"https:\/\/cabedo.com\/en\/wp-json\/wp\/v2\/posts"}],"about":[{"href":"https:\/\/cabedo.com\/en\/wp-json\/wp\/v2\/types\/post"}],"author":[{"embeddable":true,"href":"https:\/\/cabedo.com\/en\/wp-json\/wp\/v2\/users\/1"}],"replies":[{"embeddable":true,"href":"https:\/\/cabedo.com\/en\/wp-json\/wp\/v2\/comments?post=5657676"}],"version-history":[{"count":1,"href":"https:\/\/cabedo.com\/en\/wp-json\/wp\/v2\/posts\/5657676\/revisions"}],"predecessor-version":[{"id":5657677,"href":"https:\/\/cabedo.com\/en\/wp-json\/wp\/v2\/posts\/5657676\/revisions\/5657677"}],"wp:attachment":[{"href":"https:\/\/cabedo.com\/en\/wp-json\/wp\/v2\/media?parent=5657676"}],"wp:term":[{"taxonomy":"category","embeddable":true,"href":"https:\/\/cabedo.com\/en\/wp-json\/wp\/v2\/categories?post=5657676"},{"taxonomy":"post_tag","embeddable":true,"href":"https:\/\/cabedo.com\/en\/wp-json\/wp\/v2\/tags?post=5657676"}],"curies":[{"name":"wp","href":"https:\/\/api.w.org\/{rel}","templated":true}]}}