{"id":5658843,"date":"2022-11-17T11:45:48","date_gmt":"2022-11-17T10:45:48","guid":{"rendered":"https:\/\/cabedo.com\/?p=5658843"},"modified":"2022-11-17T11:45:50","modified_gmt":"2022-11-17T10:45:50","slug":"plan-de-viabilidad-foro-concursal-de-castellon","status":"publish","type":"post","link":"https:\/\/cabedo.com\/en\/plan-de-viabilidad-foro-concursal-de-castellon\/","title":{"rendered":"PLAN DE VIABILIDAD. Foro Concursal de Castell\u00f3n"},"content":{"rendered":"\n<p>El pr\u00f3ximo martes 22 de noviembre de 2022 tendr\u00e1 lugar la cuarta sesi\u00f3n del Foro Concursal que organiza el Colegio de Economistas de Castell\u00f3n. La sesi\u00f3n se dividir\u00e1 en cuatro ponencias que versar\u00e1n sobre:<\/p>\n\n\n\n<ul class=\"wp-block-list\"><li>Los cr\u00e9ditos laborales en el concurso.<\/li><li>La intervenci\u00f3n de FOGASA.<\/li><li>El plan de viabilidad. <\/li><\/ul>\n\n\n\n<p><\/p>\n\n\n\n<p>Y contar\u00e1 con la presencia de los ponentes:<\/p>\n\n\n\n<p><strong>Ilmo. Sr. D. Salvador Vilata Menadas<\/strong><\/p>\n\n\n\n<p>Magistrado del Juzgado de lo Mercantil n\u00famero 1 de Valencia.<\/p>\n\n\n\n<p><strong>D. Jos\u00e9 Poyatos Villena<\/strong><\/p>\n\n\n\n<p>Letrado Jefe del FOGASA en Valencia.<\/p>\n\n\n\n<p><strong>D. Eduardo Talens Visconti<\/strong><\/p>\n\n\n\n<p>Profesor Contratado Doctor Derecho del Trabajo Universitat de Valencia. Abogado.<\/p>\n\n\n\n<p><strong>D. Rodrigo Cabedo Gregori<\/strong><\/p>\n\n\n\n<p>Economista. Vocal del Consejo Directivo del REFOR<\/p>\n\n\n\n<p><\/p>\n\n\n\n<p><\/p>\n","protected":false},"excerpt":{"rendered":"<p>El pr\u00f3ximo martes 22 de noviembre de 2022 tendr\u00e1 lugar la cuarta sesi\u00f3n del&#8230;<\/p>\n","protected":false},"author":1,"featured_media":0,"comment_status":"open","ping_status":"open","sticky":false,"template":"","format":"standard","meta":{"footnotes":""},"categories":[1],"tags":[],"class_list":["post-5658843","post","type-post","status-publish","format-standard","hentry","category-sin-categorizar"],"yoast_head":"<!-- This site is optimized with the Yoast SEO plugin v25.2 - https:\/\/yoast.com\/wordpress\/plugins\/seo\/ -->\n<title>PLAN DE VIABILIDAD. Foro Concursal de Castell\u00f3n - Cabedo<\/title>\n<meta name=\"robots\" content=\"index, follow, max-snippet:-1, max-image-preview:large, max-video-preview:-1\" \/>\n<link rel=\"canonical\" href=\"https:\/\/cabedo.com\/plan-de-viabilidad-foro-concursal-de-castellon\/\" \/>\n<meta property=\"og:locale\" content=\"en_US\" \/>\n<meta property=\"og:type\" content=\"article\" \/>\n<meta property=\"og:title\" content=\"PLAN DE VIABILIDAD. Foro Concursal de Castell\u00f3n - Cabedo\" \/>\n<meta property=\"og:description\" content=\"El pr\u00f3ximo martes 22 de noviembre de 2022 tendr\u00e1 lugar la cuarta sesi\u00f3n del...\" \/>\n<meta property=\"og:url\" content=\"https:\/\/cabedo.com\/plan-de-viabilidad-foro-concursal-de-castellon\/\" \/>\n<meta property=\"og:site_name\" content=\"Cabedo\" \/>\n<meta property=\"article:published_time\" content=\"2022-11-17T10:45:48+00:00\" \/>\n<meta property=\"article:modified_time\" content=\"2022-11-17T10:45:50+00:00\" \/>\n<meta name=\"author\" content=\"CabedoWP2019\" \/>\n<meta name=\"twitter:card\" content=\"summary_large_image\" \/>\n<meta name=\"twitter:label1\" content=\"Written by\" \/>\n\t<meta name=\"twitter:data1\" content=\"CabedoWP2019\" \/>\n\t<meta name=\"twitter:label2\" content=\"Est. reading time\" \/>\n\t<meta name=\"twitter:data2\" content=\"1 minute\" \/>\n<script type=\"application\/ld+json\" class=\"yoast-schema-graph\">{\"@context\":\"https:\/\/schema.org\",\"@graph\":[{\"@type\":\"Article\",\"@id\":\"https:\/\/cabedo.com\/plan-de-viabilidad-foro-concursal-de-castellon\/#article\",\"isPartOf\":{\"@id\":\"https:\/\/cabedo.com\/plan-de-viabilidad-foro-concursal-de-castellon\/\"},\"author\":{\"name\":\"CabedoWP2019\",\"@id\":\"https:\/\/cabedo.com\/#\/schema\/person\/94da2d41bf7ff295c9a6f78d51ad06ab\"},\"headline\":\"PLAN DE VIABILIDAD. Foro Concursal de Castell\u00f3n\",\"datePublished\":\"2022-11-17T10:45:48+00:00\",\"dateModified\":\"2022-11-17T10:45:50+00:00\",\"mainEntityOfPage\":{\"@id\":\"https:\/\/cabedo.com\/plan-de-viabilidad-foro-concursal-de-castellon\/\"},\"wordCount\":120,\"commentCount\":0,\"publisher\":{\"@id\":\"https:\/\/cabedo.com\/#organization\"},\"articleSection\":[\"Sin categorizar\"],\"inLanguage\":\"en-US\",\"potentialAction\":[{\"@type\":\"CommentAction\",\"name\":\"Comment\",\"target\":[\"https:\/\/cabedo.com\/plan-de-viabilidad-foro-concursal-de-castellon\/#respond\"]}]},{\"@type\":\"WebPage\",\"@id\":\"https:\/\/cabedo.com\/plan-de-viabilidad-foro-concursal-de-castellon\/\",\"url\":\"https:\/\/cabedo.com\/plan-de-viabilidad-foro-concursal-de-castellon\/\",\"name\":\"PLAN DE VIABILIDAD. Foro Concursal de Castell\u00f3n - Cabedo\",\"isPartOf\":{\"@id\":\"https:\/\/cabedo.com\/#website\"},\"datePublished\":\"2022-11-17T10:45:48+00:00\",\"dateModified\":\"2022-11-17T10:45:50+00:00\",\"breadcrumb\":{\"@id\":\"https:\/\/cabedo.com\/plan-de-viabilidad-foro-concursal-de-castellon\/#breadcrumb\"},\"inLanguage\":\"en-US\",\"potentialAction\":[{\"@type\":\"ReadAction\",\"target\":[\"https:\/\/cabedo.com\/plan-de-viabilidad-foro-concursal-de-castellon\/\"]}]},{\"@type\":\"BreadcrumbList\",\"@id\":\"https:\/\/cabedo.com\/plan-de-viabilidad-foro-concursal-de-castellon\/#breadcrumb\",\"itemListElement\":[{\"@type\":\"ListItem\",\"position\":1,\"name\":\"Inicio\",\"item\":\"https:\/\/cabedo.com\/en\/\"},{\"@type\":\"ListItem\",\"position\":2,\"name\":\"PLAN DE VIABILIDAD. Foro Concursal de Castell\u00f3n\"}]},{\"@type\":\"WebSite\",\"@id\":\"https:\/\/cabedo.com\/#website\",\"url\":\"https:\/\/cabedo.com\/\",\"name\":\"Cabedo\",\"description\":\"Abogados, economistas y auditores\",\"publisher\":{\"@id\":\"https:\/\/cabedo.com\/#organization\"},\"potentialAction\":[{\"@type\":\"SearchAction\",\"target\":{\"@type\":\"EntryPoint\",\"urlTemplate\":\"https:\/\/cabedo.com\/?s={search_term_string}\"},\"query-input\":{\"@type\":\"PropertyValueSpecification\",\"valueRequired\":true,\"valueName\":\"search_term_string\"}}],\"inLanguage\":\"en-US\"},{\"@type\":\"Organization\",\"@id\":\"https:\/\/cabedo.com\/#organization\",\"name\":\"Cabedo Abogados y Economistas\",\"url\":\"https:\/\/cabedo.com\/\",\"logo\":{\"@type\":\"ImageObject\",\"inLanguage\":\"en-US\",\"@id\":\"https:\/\/cabedo.com\/#\/schema\/logo\/image\/\",\"url\":\"https:\/\/cabedo.com\/wp-content\/uploads\/2020\/02\/Cabdeo-icono_Mesa-de-trabajo-1.png\",\"contentUrl\":\"https:\/\/cabedo.com\/wp-content\/uploads\/2020\/02\/Cabdeo-icono_Mesa-de-trabajo-1.png\",\"width\":40,\"height\":39,\"caption\":\"Cabedo Abogados y Economistas\"},\"image\":{\"@id\":\"https:\/\/cabedo.com\/#\/schema\/logo\/image\/\"}},{\"@type\":\"Person\",\"@id\":\"https:\/\/cabedo.com\/#\/schema\/person\/94da2d41bf7ff295c9a6f78d51ad06ab\",\"name\":\"CabedoWP2019\",\"image\":{\"@type\":\"ImageObject\",\"inLanguage\":\"en-US\",\"@id\":\"https:\/\/cabedo.com\/#\/schema\/person\/image\/\",\"url\":\"https:\/\/secure.gravatar.com\/avatar\/a9ae036110c97a582201cae457e2e49b34da2ddf76d9c86cd2b16edb1bbaf74f?s=96&d=mm&r=g\",\"contentUrl\":\"https:\/\/secure.gravatar.com\/avatar\/a9ae036110c97a582201cae457e2e49b34da2ddf76d9c86cd2b16edb1bbaf74f?s=96&d=mm&r=g\",\"caption\":\"CabedoWP2019\"}}]}<\/script>\n<!-- \/ Yoast SEO plugin. -->","yoast_head_json":{"title":"PLAN DE VIABILIDAD. Foro Concursal de Castell\u00f3n - Cabedo","robots":{"index":"index","follow":"follow","max-snippet":"max-snippet:-1","max-image-preview":"max-image-preview:large","max-video-preview":"max-video-preview:-1"},"canonical":"https:\/\/cabedo.com\/plan-de-viabilidad-foro-concursal-de-castellon\/","og_locale":"en_US","og_type":"article","og_title":"PLAN DE VIABILIDAD. Foro Concursal de Castell\u00f3n - Cabedo","og_description":"El pr\u00f3ximo martes 22 de noviembre de 2022 tendr\u00e1 lugar la cuarta sesi\u00f3n del...","og_url":"https:\/\/cabedo.com\/plan-de-viabilidad-foro-concursal-de-castellon\/","og_site_name":"Cabedo","article_published_time":"2022-11-17T10:45:48+00:00","article_modified_time":"2022-11-17T10:45:50+00:00","author":"CabedoWP2019","twitter_card":"summary_large_image","twitter_misc":{"Written by":"CabedoWP2019","Est. reading time":"1 minute"},"schema":{"@context":"https:\/\/schema.org","@graph":[{"@type":"Article","@id":"https:\/\/cabedo.com\/plan-de-viabilidad-foro-concursal-de-castellon\/#article","isPartOf":{"@id":"https:\/\/cabedo.com\/plan-de-viabilidad-foro-concursal-de-castellon\/"},"author":{"name":"CabedoWP2019","@id":"https:\/\/cabedo.com\/#\/schema\/person\/94da2d41bf7ff295c9a6f78d51ad06ab"},"headline":"PLAN DE VIABILIDAD. Foro Concursal de Castell\u00f3n","datePublished":"2022-11-17T10:45:48+00:00","dateModified":"2022-11-17T10:45:50+00:00","mainEntityOfPage":{"@id":"https:\/\/cabedo.com\/plan-de-viabilidad-foro-concursal-de-castellon\/"},"wordCount":120,"commentCount":0,"publisher":{"@id":"https:\/\/cabedo.com\/#organization"},"articleSection":["Sin categorizar"],"inLanguage":"en-US","potentialAction":[{"@type":"CommentAction","name":"Comment","target":["https:\/\/cabedo.com\/plan-de-viabilidad-foro-concursal-de-castellon\/#respond"]}]},{"@type":"WebPage","@id":"https:\/\/cabedo.com\/plan-de-viabilidad-foro-concursal-de-castellon\/","url":"https:\/\/cabedo.com\/plan-de-viabilidad-foro-concursal-de-castellon\/","name":"PLAN DE VIABILIDAD. Foro Concursal de Castell\u00f3n - Cabedo","isPartOf":{"@id":"https:\/\/cabedo.com\/#website"},"datePublished":"2022-11-17T10:45:48+00:00","dateModified":"2022-11-17T10:45:50+00:00","breadcrumb":{"@id":"https:\/\/cabedo.com\/plan-de-viabilidad-foro-concursal-de-castellon\/#breadcrumb"},"inLanguage":"en-US","potentialAction":[{"@type":"ReadAction","target":["https:\/\/cabedo.com\/plan-de-viabilidad-foro-concursal-de-castellon\/"]}]},{"@type":"BreadcrumbList","@id":"https:\/\/cabedo.com\/plan-de-viabilidad-foro-concursal-de-castellon\/#breadcrumb","itemListElement":[{"@type":"ListItem","position":1,"name":"Inicio","item":"https:\/\/cabedo.com\/en\/"},{"@type":"ListItem","position":2,"name":"PLAN DE VIABILIDAD. Foro Concursal de Castell\u00f3n"}]},{"@type":"WebSite","@id":"https:\/\/cabedo.com\/#website","url":"https:\/\/cabedo.com\/","name":"Cabedo","description":"Abogados, economistas y auditores","publisher":{"@id":"https:\/\/cabedo.com\/#organization"},"potentialAction":[{"@type":"SearchAction","target":{"@type":"EntryPoint","urlTemplate":"https:\/\/cabedo.com\/?s={search_term_string}"},"query-input":{"@type":"PropertyValueSpecification","valueRequired":true,"valueName":"search_term_string"}}],"inLanguage":"en-US"},{"@type":"Organization","@id":"https:\/\/cabedo.com\/#organization","name":"Cabedo Abogados y Economistas","url":"https:\/\/cabedo.com\/","logo":{"@type":"ImageObject","inLanguage":"en-US","@id":"https:\/\/cabedo.com\/#\/schema\/logo\/image\/","url":"https:\/\/cabedo.com\/wp-content\/uploads\/2020\/02\/Cabdeo-icono_Mesa-de-trabajo-1.png","contentUrl":"https:\/\/cabedo.com\/wp-content\/uploads\/2020\/02\/Cabdeo-icono_Mesa-de-trabajo-1.png","width":40,"height":39,"caption":"Cabedo Abogados y Economistas"},"image":{"@id":"https:\/\/cabedo.com\/#\/schema\/logo\/image\/"}},{"@type":"Person","@id":"https:\/\/cabedo.com\/#\/schema\/person\/94da2d41bf7ff295c9a6f78d51ad06ab","name":"CabedoWP2019","image":{"@type":"ImageObject","inLanguage":"en-US","@id":"https:\/\/cabedo.com\/#\/schema\/person\/image\/","url":"https:\/\/secure.gravatar.com\/avatar\/a9ae036110c97a582201cae457e2e49b34da2ddf76d9c86cd2b16edb1bbaf74f?s=96&d=mm&r=g","contentUrl":"https:\/\/secure.gravatar.com\/avatar\/a9ae036110c97a582201cae457e2e49b34da2ddf76d9c86cd2b16edb1bbaf74f?s=96&d=mm&r=g","caption":"CabedoWP2019"}}]}},"_links":{"self":[{"href":"https:\/\/cabedo.com\/en\/wp-json\/wp\/v2\/posts\/5658843","targetHints":{"allow":["GET"]}}],"collection":[{"href":"https:\/\/cabedo.com\/en\/wp-json\/wp\/v2\/posts"}],"about":[{"href":"https:\/\/cabedo.com\/en\/wp-json\/wp\/v2\/types\/post"}],"author":[{"embeddable":true,"href":"https:\/\/cabedo.com\/en\/wp-json\/wp\/v2\/users\/1"}],"replies":[{"embeddable":true,"href":"https:\/\/cabedo.com\/en\/wp-json\/wp\/v2\/comments?post=5658843"}],"version-history":[{"count":1,"href":"https:\/\/cabedo.com\/en\/wp-json\/wp\/v2\/posts\/5658843\/revisions"}],"predecessor-version":[{"id":5658844,"href":"https:\/\/cabedo.com\/en\/wp-json\/wp\/v2\/posts\/5658843\/revisions\/5658844"}],"wp:attachment":[{"href":"https:\/\/cabedo.com\/en\/wp-json\/wp\/v2\/media?parent=5658843"}],"wp:term":[{"taxonomy":"category","embeddable":true,"href":"https:\/\/cabedo.com\/en\/wp-json\/wp\/v2\/categories?post=5658843"},{"taxonomy":"post_tag","embeddable":true,"href":"https:\/\/cabedo.com\/en\/wp-json\/wp\/v2\/tags?post=5658843"}],"curies":[{"name":"wp","href":"https:\/\/api.w.org\/{rel}","templated":true}]}}